{"id":94854,"date":"2018-03-29T14:45:06","date_gmt":"2018-03-29T17:45:06","guid":{"rendered":"http:\/\/diarioregionaljf.com.br\/2018\/03\/29\/pm-prende-suspeito-de-incendiar-casarao-em-leopoldina\/"},"modified":"2018-03-29T14:45:06","modified_gmt":"2018-03-29T17:45:06","slug":"pm-prende-suspeito-de-incendiar-casarao-em-leopoldina","status":"publish","type":"post","link":"https:\/\/diarioregionaldigital.com.br\/?p=94854","title":{"rendered":"PM prende suspeito de incendiar casar\u00e3o em Leopoldina"},"content":{"rendered":"<p>A Pol\u00edcia Militar prendeu na noite dessa quarta-feira, 28, um rapaz de 19 anos suspeito de ter ateado fogo em um c\u00f4modo do casar\u00e3o localizado na Rua Bar\u00e3o de Cotegipe, em Leopoldina.<\/p>\n<p>O inc\u00eandio aconteceu no \u00faltimo domingo, 25, e atingiu parcialmente o im\u00f3vel, mobilizando Corpo de Bombeiros, Defesa Civil, PM e Per\u00edcia T\u00e9cnica da Pol\u00edcia Civil. Mais de 10 mil litros de \u00e1gua foram utilizados no combate \u00e0s chamas, que durou cerca de uma hora. N\u00e3o houve registro de feridos.<\/p>\n<p>Segundo as informa\u00e7\u00f5es apuradas pela reportagem do jornal O Vigilante, o suspeito possui passagens pela pol\u00edcia e residia no local em que aconteceu o inc\u00eandio. De acordo com a Pol\u00edcia Militar, o jovem foi preso durante patrulhamento na Rua Bar\u00e3o de Cotegipe e contra ele havia um mandado de pris\u00e3o expedido pela Justi\u00e7a nesta ter\u00e7a-feira, 27.<\/p>\n<p>Ele foi encaminhado para a Delegacia de Pol\u00edcia Civil para as demais provid\u00eancias.<\/p>\n<p>Fonte: O Vigilante Online<\/p>\n","protected":false},"excerpt":{"rendered":"<p>A Pol\u00edcia Militar prendeu na noite dessa quarta-feira, 28, um rapaz de 19 anos suspeito de ter ateado fogo em um c\u00f4modo do casar\u00e3o localizado na Rua Bar\u00e3o de Cotegipe, em Leopoldina. O inc\u00eandio aconteceu no \u00faltimo domingo, 25, e atingiu parcialmente o im\u00f3vel, mobilizando Corpo de Bombeiros, Defesa Civil, PM e Per\u00edcia T\u00e9cnica da [&hellip;]<\/p>\n","protected":false},"author":96,"featured_media":94853,"comment_status":"closed","ping_status":"closed","sticky":false,"template":"","format":"standard","meta":{"footnotes":""},"categories":[252],"tags":[],"class_list":["post-94854","post","type-post","status-publish","format-standard","has-post-thumbnail","hentry","category-regiao"],"_links":{"self":[{"href":"https:\/\/diarioregionaldigital.com.br\/index.php?rest_route=\/wp\/v2\/posts\/94854","targetHints":{"allow":["GET"]}}],"collection":[{"href":"https:\/\/diarioregionaldigital.com.br\/index.php?rest_route=\/wp\/v2\/posts"}],"about":[{"href":"https:\/\/diarioregionaldigital.com.br\/index.php?rest_route=\/wp\/v2\/types\/post"}],"author":[{"embeddable":true,"href":"https:\/\/diarioregionaldigital.com.br\/index.php?rest_route=\/wp\/v2\/users\/96"}],"replies":[{"embeddable":true,"href":"https:\/\/diarioregionaldigital.com.br\/index.php?rest_route=%2Fwp%2Fv2%2Fcomments&post=94854"}],"version-history":[{"count":0,"href":"https:\/\/diarioregionaldigital.com.br\/index.php?rest_route=\/wp\/v2\/posts\/94854\/revisions"}],"wp:featuredmedia":[{"embeddable":true,"href":"https:\/\/diarioregionaldigital.com.br\/index.php?rest_route=\/wp\/v2\/media\/94853"}],"wp:attachment":[{"href":"https:\/\/diarioregionaldigital.com.br\/index.php?rest_route=%2Fwp%2Fv2%2Fmedia&parent=94854"}],"wp:term":[{"taxonomy":"category","embeddable":true,"href":"https:\/\/diarioregionaldigital.com.br\/index.php?rest_route=%2Fwp%2Fv2%2Fcategories&post=94854"},{"taxonomy":"post_tag","embeddable":true,"href":"https:\/\/diarioregionaldigital.com.br\/index.php?rest_route=%2Fwp%2Fv2%2Ftags&post=94854"}],"curies":[{"name":"wp","href":"https:\/\/api.w.org\/{rel}","templated":true}]}}