{"id":94852,"date":"2018-03-29T14:26:08","date_gmt":"2018-03-29T17:26:08","guid":{"rendered":"http:\/\/diarioregionaljf.com.br\/2018\/03\/29\/banco-central-reduz-projecao-da-inflacao-para-3-8-este-ano\/"},"modified":"2018-03-29T14:26:08","modified_gmt":"2018-03-29T17:26:08","slug":"banco-central-reduz-projecao-da-inflacao-para-3-8-este-ano","status":"publish","type":"post","link":"https:\/\/diarioregionaldigital.com.br\/?p=94852","title":{"rendered":"Banco Central reduz proje\u00e7\u00e3o da infla\u00e7\u00e3o para 3,8% este ano"},"content":{"rendered":"<p>O Banco Central reduziu a estimativa da infla\u00e7\u00e3o para este ano. A proje\u00e7\u00e3o para o \u00cdndice Nacional de Pre\u00e7os ao Consumidor Amplo (IPCA) passou de 4,2% para 3,8%, de acordo com o Relat\u00f3rio de Infla\u00e7\u00e3o, divulgado hoje, 29, pela internet, em Bras\u00edlia.<\/p>\n<p>Essa \u00e9 a proje\u00e7\u00e3o do cen\u00e1rio central, elaborada com base em perspectiva de taxa de juros (6,5% ao ano) e c\u00e2mbio (R$3,30, no fim de 2018) do mercado financeiro (pesquisa Focus).<\/p>\n<p>A estimativa ficou mais distante do centro da meta de infla\u00e7\u00e3o, que \u00e9 4,5% este ano. Para 2019, o centro da meta \u00e9 4,25% e 2020, 4%. O intervalo de toler\u00e2ncia \u00e9 1,5 ponto percentual para cima ou para baixo.<\/p>\n<p>Para 2019, a proje\u00e7\u00e3o para o IPCA caiu de 4,2% para 4,1%. A estimativa para 2020 passou de 4,1% para 4%.<\/p>\n<p>No relat\u00f3rio, o BC reafirmou a vis\u00e3o de que a taxa b\u00e1sica de juros, a Selic, pode voltar a ser reduzida em 0,25 ponto percentual, na pr\u00f3xima reuni\u00e3o do Comit\u00ea de Pol\u00edtica Monet\u00e1ria (Copom), em maio.<\/p>\n<p>A interrup\u00e7\u00e3o do ciclo est\u00e1 prevista para a reuni\u00e3o de junho. Para o BC, uma nova redu\u00e7\u00e3o da Selic reduz o risco de a infla\u00e7\u00e3o demorar a chegar ao centro da meta. A Selic passou pelo 12\u00ba corte seguido este m\u00eas, ao ser reduzida em 0,25 ponto percentual, caindo para 6,5% ao ano.<\/p>\n<h4>&nbsp;<\/h4>\n<h4>INFLA\u00c7\u00c3O \u00c9 AVALIADA<\/h4>\n<p>No relat\u00f3rio, o BC avalia que a infla\u00e7\u00e3o ficou 0,39 ponto percentual abaixo do esperado nos dois primeiros meses deste ano. No trimestre encerrado em fevereiro, a infla\u00e7\u00e3o foi 0,25 ponto percentual abaixo do esperado.<\/p>\n<p>Segundo o BC, a infla\u00e7\u00e3o em janeiro foi afetada pela mudan\u00e7a da bandeira vermelha para verde na tarifa de energia el\u00e9trica, o que reduz o pre\u00e7o.<\/p>\n<p>\u201cA infla\u00e7\u00e3o de alimentos, embora em linha com a proje\u00e7\u00e3o no acumulado do trimestre [dezembro, janeiro e fevereiro], apresentou acelera\u00e7\u00e3o maior do que a esperada em dezembro e janeiro, mas surpreendeu no sentido oposto em fevereiro, ao retornar para o campo negativo\u201d, acrescenta o Banco Central.<\/p>\n<p>As proje\u00e7\u00f5es de curto prazo do BC consideram varia\u00e7\u00f5es de 0,20%, 0,33% e 0,26% para o IPCA nos meses de mar\u00e7o a maio de 2018, respectivamente.<\/p>\n<p>\u201cA despeito da perspectiva de retorno da varia\u00e7\u00e3o dos pre\u00e7os de alimentos e vestu\u00e1rio para o campo positivo e de reajustes das tarifas de energia el\u00e9trica na regi\u00e3o metropolitana do Rio de Janeiro, a taxa mensal do IPCA deve apresentar desacelera\u00e7\u00e3o em mar\u00e7o, repercutindo a expectativa de recuo dos pre\u00e7os de combust\u00edveis e a dissipa\u00e7\u00e3o dos efeitos dos reajustes sazonais em servi\u00e7os de educa\u00e7\u00e3o e transporte p\u00fablico\u201d, diz o BC.<\/p>\n<p>&nbsp;<\/p>\n<p>Fonte: Ag\u00eancia Brasil<\/p>\n","protected":false},"excerpt":{"rendered":"<p>O Banco Central reduziu a estimativa da infla\u00e7\u00e3o para este ano. A proje\u00e7\u00e3o para o \u00cdndice Nacional de Pre\u00e7os ao Consumidor Amplo (IPCA) passou de 4,2% para 3,8%, de acordo com o Relat\u00f3rio de Infla\u00e7\u00e3o, divulgado hoje, 29, pela internet, em Bras\u00edlia. Essa \u00e9 a proje\u00e7\u00e3o do cen\u00e1rio central, elaborada com base em perspectiva de [&hellip;]<\/p>\n","protected":false},"author":96,"featured_media":94851,"comment_status":"closed","ping_status":"closed","sticky":false,"template":"","format":"standard","meta":{"footnotes":""},"categories":[261],"tags":[],"class_list":["post-94852","post","type-post","status-publish","format-standard","has-post-thumbnail","hentry","category-economia"],"_links":{"self":[{"href":"https:\/\/diarioregionaldigital.com.br\/index.php?rest_route=\/wp\/v2\/posts\/94852","targetHints":{"allow":["GET"]}}],"collection":[{"href":"https:\/\/diarioregionaldigital.com.br\/index.php?rest_route=\/wp\/v2\/posts"}],"about":[{"href":"https:\/\/diarioregionaldigital.com.br\/index.php?rest_route=\/wp\/v2\/types\/post"}],"author":[{"embeddable":true,"href":"https:\/\/diarioregionaldigital.com.br\/index.php?rest_route=\/wp\/v2\/users\/96"}],"replies":[{"embeddable":true,"href":"https:\/\/diarioregionaldigital.com.br\/index.php?rest_route=%2Fwp%2Fv2%2Fcomments&post=94852"}],"version-history":[{"count":0,"href":"https:\/\/diarioregionaldigital.com.br\/index.php?rest_route=\/wp\/v2\/posts\/94852\/revisions"}],"wp:featuredmedia":[{"embeddable":true,"href":"https:\/\/diarioregionaldigital.com.br\/index.php?rest_route=\/wp\/v2\/media\/94851"}],"wp:attachment":[{"href":"https:\/\/diarioregionaldigital.com.br\/index.php?rest_route=%2Fwp%2Fv2%2Fmedia&parent=94852"}],"wp:term":[{"taxonomy":"category","embeddable":true,"href":"https:\/\/diarioregionaldigital.com.br\/index.php?rest_route=%2Fwp%2Fv2%2Fcategories&post=94852"},{"taxonomy":"post_tag","embeddable":true,"href":"https:\/\/diarioregionaldigital.com.br\/index.php?rest_route=%2Fwp%2Fv2%2Ftags&post=94852"}],"curies":[{"name":"wp","href":"https:\/\/api.w.org\/{rel}","templated":true}]}}