{"id":94850,"date":"2018-03-29T14:10:13","date_gmt":"2018-03-29T17:10:13","guid":{"rendered":"http:\/\/diarioregionaljf.com.br\/2018\/03\/29\/desemprego-cresce-e-atinge-taxa-de-12-6\/"},"modified":"2018-03-29T14:10:13","modified_gmt":"2018-03-29T17:10:13","slug":"desemprego-cresce-e-atinge-taxa-de-12-6","status":"publish","type":"post","link":"https:\/\/diarioregionaldigital.com.br\/?p=94850","title":{"rendered":"Desemprego cresce e atinge taxa de 12,6%"},"content":{"rendered":"<p>A taxa de desocupa\u00e7\u00e3o voltou a crescer no trimestre encerrado em fevereiro deste ano, atingindo 12,6%, uma alta de 0,6 ponto percentual em rela\u00e7\u00e3o ao trimestre encerrado em novembro do ano passado. O pa\u00eds passa a ter 13,1 milh\u00f5es de desempregados, segundo a Pesquisa Nacional por Amostra de Domic\u00edlios Cont\u00ednua (Pnad-C), divulgada hoje, 29, pelo Instituto Brasileiro de Geografia e Estat\u00edstica (IBGE).<\/p>\n<p>Segundo o IBGE, em n\u00fameros absolutos, o resultado representa mais 550 mil pessoas em busca de emprego, entre um trimestre e outro. Na avalia\u00e7\u00e3o do coordenador de Trabalho e Rendimento do IBGE, Cimar Azeredo, no entanto, o movimento de aumento na taxa de desemprego j\u00e1 era esperado e \u00e9 comum nesta \u00e9poca do ano.<\/p>\n<p>\u201cNesta \u00e9poca do ano, o crescimento da taxa \u00e9 um movimento esperado. Sempre no primeiro trimestre do ano a taxa tende a subir, pois existe a dispensa dos trabalhadores tempor\u00e1rios contratados para as festas de final de ano&#8221;, justificou.<\/p>\n<p>&nbsp;<\/p>\n<h4>POPULA\u00c7\u00c3O OCUPADA CAI 0,9%<\/h4>\n<p>Ainda em consequ\u00eancia deste movimento de dispensa de trabalhadores tempor\u00e1rios, a pesquisa mostrou que, entre o trimestre encerrado em novembro e o que terminou em fevereiro, o pa\u00eds perdeu cerca de 858 mil postos de trabalho, com redu\u00e7\u00e3o de 407 mil empregos no setor privado sem carteira e de 358 mil no setor p\u00fablico.<\/p>\n<p>O n\u00famero de empregados com carteira de trabalho assinada ficou est\u00e1vel neste trimestre encerrado em fevereiro, em 33,1 milh\u00f5es de trabalhadores, por\u00e9m \u201cfoi o pior resultado em n\u00fameros absolutos da s\u00e9rie hist\u00f3rica iniciada em 2012\u201d, segundo Azeredo. As categorias empregador e trabalhadores por conta pr\u00f3pria tamb\u00e9m ficaram est\u00e1veis.<\/p>\n<p>A queda no n\u00famero de postos de trabalho foi verificada principalmente no grupamento servi\u00e7os, que re\u00fane as atividades de administra\u00e7\u00e3o p\u00fabica, defesa, seguridade, educa\u00e7\u00e3o, sa\u00fade e servi\u00e7os sociais, que chegou a perder 435 mil postos de trabalho; na constru\u00e7\u00e3o, foram menos 277 mil empregos; e na ind\u00fastria, menos 244 mil.<\/p>\n<p>&nbsp;<\/p>\n<h4>COMPARA\u00c7\u00c3O COM O ANO ANTERIOR<\/h4>\n<p>A taxa de desemprego de 12,6% neste trimestre significa \u201cuma melhora do mercado de trabalho, quando a compara\u00e7\u00e3o se d\u00e1 com o mesmo trimestre do ano anterior, quando a taxa chegou a 13,2% e alcan\u00e7ava 13,5 milh\u00f5es de pessoas desocupadas, o pior resultado para esse trimestre na s\u00e9rie hist\u00f3rica\u201d.<\/p>\n<p>&nbsp;<\/p>\n<p>Fonte: Ag\u00eancia Brasil<\/p>\n","protected":false},"excerpt":{"rendered":"<p>A taxa de desocupa\u00e7\u00e3o voltou a crescer no trimestre encerrado em fevereiro deste ano, atingindo 12,6%, uma alta de 0,6 ponto percentual em rela\u00e7\u00e3o ao trimestre encerrado em novembro do ano passado. O pa\u00eds passa a ter 13,1 milh\u00f5es de desempregados, segundo a Pesquisa Nacional por Amostra de Domic\u00edlios Cont\u00ednua (Pnad-C), divulgada hoje, 29, pelo [&hellip;]<\/p>\n","protected":false},"author":96,"featured_media":94849,"comment_status":"closed","ping_status":"closed","sticky":false,"template":"","format":"standard","meta":{"footnotes":""},"categories":[261],"tags":[],"class_list":["post-94850","post","type-post","status-publish","format-standard","has-post-thumbnail","hentry","category-economia"],"_links":{"self":[{"href":"https:\/\/diarioregionaldigital.com.br\/index.php?rest_route=\/wp\/v2\/posts\/94850","targetHints":{"allow":["GET"]}}],"collection":[{"href":"https:\/\/diarioregionaldigital.com.br\/index.php?rest_route=\/wp\/v2\/posts"}],"about":[{"href":"https:\/\/diarioregionaldigital.com.br\/index.php?rest_route=\/wp\/v2\/types\/post"}],"author":[{"embeddable":true,"href":"https:\/\/diarioregionaldigital.com.br\/index.php?rest_route=\/wp\/v2\/users\/96"}],"replies":[{"embeddable":true,"href":"https:\/\/diarioregionaldigital.com.br\/index.php?rest_route=%2Fwp%2Fv2%2Fcomments&post=94850"}],"version-history":[{"count":0,"href":"https:\/\/diarioregionaldigital.com.br\/index.php?rest_route=\/wp\/v2\/posts\/94850\/revisions"}],"wp:featuredmedia":[{"embeddable":true,"href":"https:\/\/diarioregionaldigital.com.br\/index.php?rest_route=\/wp\/v2\/media\/94849"}],"wp:attachment":[{"href":"https:\/\/diarioregionaldigital.com.br\/index.php?rest_route=%2Fwp%2Fv2%2Fmedia&parent=94850"}],"wp:term":[{"taxonomy":"category","embeddable":true,"href":"https:\/\/diarioregionaldigital.com.br\/index.php?rest_route=%2Fwp%2Fv2%2Fcategories&post=94850"},{"taxonomy":"post_tag","embeddable":true,"href":"https:\/\/diarioregionaldigital.com.br\/index.php?rest_route=%2Fwp%2Fv2%2Ftags&post=94850"}],"curies":[{"name":"wp","href":"https:\/\/api.w.org\/{rel}","templated":true}]}}