{"id":94848,"date":"2018-03-29T14:07:38","date_gmt":"2018-03-29T17:07:38","guid":{"rendered":"http:\/\/diarioregionaljf.com.br\/2018\/03\/29\/vadao-divulga-lista-final-da-selecao-feminina-para-copa-america\/"},"modified":"2018-03-29T14:07:38","modified_gmt":"2018-03-29T17:07:38","slug":"vadao-divulga-lista-final-da-selecao-feminina-para-copa-america","status":"publish","type":"post","link":"https:\/\/diarioregionaldigital.com.br\/?p=94848","title":{"rendered":"Vad\u00e3o divulga  lista final da Sele\u00e7\u00e3o Feminina para Copa Am\u00e9rica"},"content":{"rendered":"<p>A Sele\u00e7\u00e3o Brasileira Feminina que ir\u00e1 disputar a Copa Am\u00e9rica do Chile, em abril, est\u00e1 definida. Ap\u00f3s a \u00faltima fase de prepara\u00e7\u00e3o na Granja Comary, em Teres\u00f3polis (RJ), o t\u00e9cnico Vad\u00e3o confirmou as 22 jogadoras que defender\u00e3o o Brasil na competi\u00e7\u00e3o.<\/p>\n<p>Das convocadas, quatro participaram da maior parte de etapas de treinos, que acontecem desde janeiro na Granja. Dez estavam em todas as fases, e oito se juntaram ao grupo nas datas-FIFA (atuam fora do Brasil). Por causa de les\u00f5es, a zagueira Bruna Benites, a lateral Fabiana e atacante Ludmila n\u00e3o foram relacionadas.<\/p>\n<p><strong>Confira a lista final:<\/strong><\/p>\n<p><strong>Goleiras<\/strong><strong><br \/> <\/strong>B\u00e1rbara \u2013 Kindermann<br \/> Aline \u2013 CBF<br \/> Let\u00edcia Izidoro \u2013 Corinthians<\/p>\n<p><strong>Laterais<\/strong><br \/> Rilany \u2013 Grindavik (Isl\u00e2ndia)<br \/> Poliana \u2013 Orlando Pride (EUA)<br \/> Tamires \u2013 Fortuna Hjorring (Dinamarca)<\/p>\n<p><strong>Zagueiras<\/strong><br \/> M\u00f4nica \u2013 Orlando Pride (EUA)<br \/> Rafaelle \u2013 Changchun FC (China)<br \/> Erika \u2013 Paris Saint-Germain (Fran\u00e7a)<br \/> Daiane \u2013 Avaldsnes (Noruega)<\/p>\n<p><strong>Meio-campo<\/strong><br \/> Andressinha \u2013 Portland Thorns FC (EUA)<br \/> Formiga \u2013 Paris Saint-Germain (Fran\u00e7a)<br \/> Andressa Alves \u2013 Barcelona (Espanha)<br \/> Thaisa \u2013 Sky Blue (USA)<br \/> Aline Milene \u2013 Baylor University (EUA)<\/p>\n<p><strong>Atacantes<\/strong><br \/> Millene Karine \u2013 Corinthians<br \/> Raquel \u2013 Ferrovi\u00e1ria<br \/> Tha\u00eds \u2013 Hyundai Steel Red Angels WFC (Coreia do Sul)<br \/> Bia Zaneratto \u2013 Hyundai Steel Red Angels WFC (Coreia do Sul)<br \/> Marta \u2013 Orlando Pride (EUA)<br \/> Cristiane \u2013 Changchun FC (China)<br \/> D\u00e9bora \u2013 North Carolina Courage (EUA)<\/p>\n<p>A Copa Am\u00e9rica do Chile come\u00e7a na pr\u00f3xima semana. O Brasil estreia no dia 5 abril, contra a Argentina, pelo Grupo B.&nbsp;<\/p>\n","protected":false},"excerpt":{"rendered":"<p>A Sele\u00e7\u00e3o Brasileira Feminina que ir\u00e1 disputar a Copa Am\u00e9rica do Chile, em abril, est\u00e1 definida. Ap\u00f3s a \u00faltima fase de prepara\u00e7\u00e3o na Granja Comary, em Teres\u00f3polis (RJ), o t\u00e9cnico Vad\u00e3o confirmou as 22 jogadoras que defender\u00e3o o Brasil na competi\u00e7\u00e3o. Das convocadas, quatro participaram da maior parte de etapas de treinos, que acontecem desde [&hellip;]<\/p>\n","protected":false},"author":96,"featured_media":0,"comment_status":"closed","ping_status":"closed","sticky":false,"template":"","format":"standard","meta":{"footnotes":""},"categories":[257],"tags":[],"class_list":["post-94848","post","type-post","status-publish","format-standard","hentry","category-esporte"],"_links":{"self":[{"href":"https:\/\/diarioregionaldigital.com.br\/index.php?rest_route=\/wp\/v2\/posts\/94848","targetHints":{"allow":["GET"]}}],"collection":[{"href":"https:\/\/diarioregionaldigital.com.br\/index.php?rest_route=\/wp\/v2\/posts"}],"about":[{"href":"https:\/\/diarioregionaldigital.com.br\/index.php?rest_route=\/wp\/v2\/types\/post"}],"author":[{"embeddable":true,"href":"https:\/\/diarioregionaldigital.com.br\/index.php?rest_route=\/wp\/v2\/users\/96"}],"replies":[{"embeddable":true,"href":"https:\/\/diarioregionaldigital.com.br\/index.php?rest_route=%2Fwp%2Fv2%2Fcomments&post=94848"}],"version-history":[{"count":0,"href":"https:\/\/diarioregionaldigital.com.br\/index.php?rest_route=\/wp\/v2\/posts\/94848\/revisions"}],"wp:attachment":[{"href":"https:\/\/diarioregionaldigital.com.br\/index.php?rest_route=%2Fwp%2Fv2%2Fmedia&parent=94848"}],"wp:term":[{"taxonomy":"category","embeddable":true,"href":"https:\/\/diarioregionaldigital.com.br\/index.php?rest_route=%2Fwp%2Fv2%2Fcategories&post=94848"},{"taxonomy":"post_tag","embeddable":true,"href":"https:\/\/diarioregionaldigital.com.br\/index.php?rest_route=%2Fwp%2Fv2%2Ftags&post=94848"}],"curies":[{"name":"wp","href":"https:\/\/api.w.org\/{rel}","templated":true}]}}