{"id":94843,"date":"2018-03-29T13:58:21","date_gmt":"2018-03-29T16:58:21","guid":{"rendered":"http:\/\/diarioregionaljf.com.br\/2018\/03\/29\/trabalhador-usa-saques-de-contas-inativas-do-fgts-para-comprar-imoveis\/"},"modified":"2018-03-29T13:58:21","modified_gmt":"2018-03-29T16:58:21","slug":"trabalhador-usa-saques-de-contas-inativas-do-fgts-para-comprar-imoveis","status":"publish","type":"post","link":"https:\/\/diarioregionaldigital.com.br\/?p=94843","title":{"rendered":"Trabalhador usa saques de contas inativas do FGTS para comprar im\u00f3veis"},"content":{"rendered":"<p>A maior parte dos recursos sacados das contas inativas do Fundo de Garantia do Tempo de Servi\u00e7o (FGTS) por clientes banc\u00e1rios foi destinada para a compra de im\u00f3veis e redu\u00e7\u00e3o do endividamento, segundo an\u00e1lise publicada no Relat\u00f3rio de Infla\u00e7\u00e3o, divulgado hoje, 29, pelo Banco Central (BC), em Bras\u00edlia.<\/p>\n<p>Na an\u00e1lise do BC, foi poss\u00edvel mapear o destino de R$13,055 bilh\u00f5es, representando em torno de 30% dos recursos totais sacados (R$44,3 bilh\u00f5es). Desse total analisado, 38,4% foram destinados para redu\u00e7\u00e3o de endividamento, 2,6% para redu\u00e7\u00e3o de inadimpl\u00eancia, 14% para aumento de gastos no cart\u00e3o de cr\u00e9dito, 4,5% para compra de ve\u00edculos e 40,5% \u00e0 aquisi\u00e7\u00e3o de im\u00f3veis.<\/p>\n<p>De acordo com o BC, por conta da limita\u00e7\u00e3o de dados, a evolu\u00e7\u00e3o de d\u00edvidas contra\u00eddas fora do sistema banc\u00e1rio e o consumo realizado por outros meios de pagamento n\u00e3o foram investigados.<\/p>\n<p>Entretanto, o BC acredita que R$15 bilh\u00f5es, ou 54% dos recursos totais sacados, podem ter sido destinados para financiar gastos realizados com outros meios de pagamento &#8211; dinheiro, cart\u00f5es de d\u00e9bito, boleto e transfer\u00eancias banc\u00e1rias &#8211; e para realizar investimentos em ativos financeiros.<\/p>\n<p>Sobre o montante sacado por indiv\u00edduos sem acesso a cart\u00e3o de cr\u00e9dito ou a empr\u00e9stimos do setor banc\u00e1rio e, portanto, n\u00e3o inclu\u00eddos na an\u00e1lise (R$16,1 bilh\u00f5es), a hip\u00f3tese \u00e9 que os recursos foram destinados ao consumo.<\/p>\n<p>A libera\u00e7\u00e3o do saque do FGTS ocorreu no ano passado, com inje\u00e7\u00e3o de R$44,3 bilh\u00f5es na economia, representando 0,71% do Produto Interno Bruto (PIB &#8211; a soma de todos os bens e servi\u00e7os produzidos no pa\u00eds) de 2016, 2,84% do saldo total de cr\u00e9dito para pessoas f\u00edsicas e 7,24% do saldo de cr\u00e9dito livre rotativo (cheque especial e cart\u00e3o de cr\u00e9dito) para pessoas f\u00edsicas no final de 2016. Aproximadamente 26 milh\u00f5es de indiv\u00edduos foram beneficiados, com saque m\u00e9dio de R$1.704.<\/p>\n<p>&nbsp;<\/p>\n<h4>QUEDA NO ENDIVIDAMENTO CHEGA A R$5 BILH\u00d5ES<\/h4>\n<p>O BC estima que houve queda de aproximadamente R$5 bilh\u00f5es no endividamento, excluindo os novos financiamentos de ve\u00edculos e im\u00f3veis. O relat\u00f3rio tamb\u00e9m aponta redu\u00e7\u00e3o de aproximadamente R$335 milh\u00f5es na inadimpl\u00eancia (valores em atraso) e impacto positivo de R$7,7 bilh\u00f5es nas despesas das fam\u00edlias.<\/p>\n<p>No caso dos gastos, R$1,83 bilh\u00e3o foi destinado a consumo realizado por meio de cart\u00f5es de cr\u00e9dito nas modalidades \u00e0 vista e parcelado com lojistas, R$590 milh\u00f5es no valor gasto na entrada para compra de ve\u00edculos e R$5,3 bilh\u00f5es gastos em entrada para compra de im\u00f3veis.<br \/>O BC tamb\u00e9m projeta que houve aumento de R$799 milh\u00f5es e R$6,8 bilh\u00f5es na concess\u00e3o de novos financiamentos de ve\u00edculos e im\u00f3veis, respectivamente. Esses valores representam incremento de 2,7% e 18,9% no valor total financiado quando comparado com os mesmos meses do ano anterior.<\/p>\n<p>Para o BC, os saques das contas inativas, \u201caliados \u00e0 queda da infla\u00e7\u00e3o e melhoria do mercado de trabalho, com consequente aumento da renda real, \u00e0 queda dos juros e ao aumento da confian\u00e7a\u201d, contribu\u00edram para a retomada da economia brasileira.<br \/>\u201cA libera\u00e7\u00e3o para saques dos recursos das contas inativas do FGTS contribuiu para impulsionar o consumo de bens dur\u00e1veis e n\u00e3o dur\u00e1veis e reduzir o endividamento dos indiv\u00edduos beneficiados pela medida, assim como regularizar parte do saldo de cr\u00e9dito em atraso junto ao setor banc\u00e1rio\u201d, concluiu o Banco Central.<\/p>\n<p>&nbsp;<\/p>\n<p>Fonte: Ag\u00eancia Brasil<\/p>\n","protected":false},"excerpt":{"rendered":"<p>A maior parte dos recursos sacados das contas inativas do Fundo de Garantia do Tempo de Servi\u00e7o (FGTS) por clientes banc\u00e1rios foi destinada para a compra de im\u00f3veis e redu\u00e7\u00e3o do endividamento, segundo an\u00e1lise publicada no Relat\u00f3rio de Infla\u00e7\u00e3o, divulgado hoje, 29, pelo Banco Central (BC), em Bras\u00edlia. Na an\u00e1lise do BC, foi poss\u00edvel mapear [&hellip;]<\/p>\n","protected":false},"author":96,"featured_media":94842,"comment_status":"closed","ping_status":"closed","sticky":false,"template":"","format":"standard","meta":{"footnotes":""},"categories":[261],"tags":[],"class_list":["post-94843","post","type-post","status-publish","format-standard","has-post-thumbnail","hentry","category-economia"],"_links":{"self":[{"href":"https:\/\/diarioregionaldigital.com.br\/index.php?rest_route=\/wp\/v2\/posts\/94843","targetHints":{"allow":["GET"]}}],"collection":[{"href":"https:\/\/diarioregionaldigital.com.br\/index.php?rest_route=\/wp\/v2\/posts"}],"about":[{"href":"https:\/\/diarioregionaldigital.com.br\/index.php?rest_route=\/wp\/v2\/types\/post"}],"author":[{"embeddable":true,"href":"https:\/\/diarioregionaldigital.com.br\/index.php?rest_route=\/wp\/v2\/users\/96"}],"replies":[{"embeddable":true,"href":"https:\/\/diarioregionaldigital.com.br\/index.php?rest_route=%2Fwp%2Fv2%2Fcomments&post=94843"}],"version-history":[{"count":0,"href":"https:\/\/diarioregionaldigital.com.br\/index.php?rest_route=\/wp\/v2\/posts\/94843\/revisions"}],"wp:featuredmedia":[{"embeddable":true,"href":"https:\/\/diarioregionaldigital.com.br\/index.php?rest_route=\/wp\/v2\/media\/94842"}],"wp:attachment":[{"href":"https:\/\/diarioregionaldigital.com.br\/index.php?rest_route=%2Fwp%2Fv2%2Fmedia&parent=94843"}],"wp:term":[{"taxonomy":"category","embeddable":true,"href":"https:\/\/diarioregionaldigital.com.br\/index.php?rest_route=%2Fwp%2Fv2%2Fcategories&post=94843"},{"taxonomy":"post_tag","embeddable":true,"href":"https:\/\/diarioregionaldigital.com.br\/index.php?rest_route=%2Fwp%2Fv2%2Ftags&post=94843"}],"curies":[{"name":"wp","href":"https:\/\/api.w.org\/{rel}","templated":true}]}}