{"id":94841,"date":"2018-03-29T12:26:14","date_gmt":"2018-03-29T15:26:14","guid":{"rendered":"http:\/\/diarioregionaljf.com.br\/2018\/03\/29\/centro-socioeducativo-de-juiz-de-fora-promove-acoes-de-ressocializacao-e-educacao-a-2-100-jovens\/"},"modified":"2018-03-29T12:26:14","modified_gmt":"2018-03-29T15:26:14","slug":"centro-socioeducativo-de-juiz-de-fora-promove-acoes-de-ressocializacao-e-educacao-a-2-100-jovens","status":"publish","type":"post","link":"https:\/\/diarioregionaldigital.com.br\/?p=94841","title":{"rendered":"Centro Socioeducativo de Juiz de Fora promove a\u00e7\u00f5es de ressocializa\u00e7\u00e3o e educa\u00e7\u00e3o a 2.100 jovens"},"content":{"rendered":"<p>O Centro Socioeducativo de Juiz de Fora, na Zona da Mata mineira, comemora 10 anos de funcionamento. Ao longo da d\u00e9cada, aproximadamente 2.100 adolescentes cumpriram medidas socioeducativas de interna\u00e7\u00e3o na unidade.<\/p>\n<p>Com uma escola estadual dentro das instala\u00e7\u00f5es, todos passaram por acompanhamento escolar, por meio de frequ\u00eancia em escola regulamentar ou por meio de aulas de refor\u00e7o &#8211; para aqueles em medida provis\u00f3ria por, no m\u00e1ximo, 45 dias.<\/p>\n<p>No quesito profissionaliza\u00e7\u00e3o, mais de mil adolescentes participaram de cursos e oficinas. A gama de servi\u00e7os aprendidos, que poder\u00e1 se transformar em oportunidade para quando deixarem os muros do centro socioeducativo para tr\u00e1s \u00e9 grande: padaria, lava-jato, horta, bombeiro hidr\u00e1ulico, eletricista, inform\u00e1tica, gesseiro, entre outros.<\/p>\n<p>Na ter\u00e7a-feira, 27, a unidade realizou uma solenidade para comemorar a d\u00e9cada de atividades. O evento contou com a presen\u00e7a de antigos funcion\u00e1rios, que ajudaram a construir esta hist\u00f3ria, e parceiros de outras institui\u00e7\u00f5es.<\/p>\n<p>O diretor da unidade, Osn\u00e9rio Abreu, fez quest\u00e3o de ressaltar a import\u00e2ncia do trabalho de todos para os frutos colhidos na \u00faltima d\u00e9cada.<\/p>\n<p>\u201cTodos os profissionais que, no decorrer destes 10 anos, trabalharam em prol da ressocializa\u00e7\u00e3o, contribu\u00edram para este resultado. Estamos empenhados em levantar novas parcerias, para ampliar, cada vez mais, as perspectivas de vida desses jovens\u201d, afirmou.<\/p>\n<h4>FAZENDO A DIFEREN\u00c7A<\/h4>\n<p>Um adolescente com diversos sonhos, que est\u00e1 trabalhando para reconfigurar a sua vida. Este \u00e9 Eduardo Couto*, de 19 anos, apreendido por roubo, no in\u00edcio de 2017.<\/p>\n<p>O jovem cumpriu oito meses de medida de interna\u00e7\u00e3o no Centro Socioeducativo de Juiz de Fora e foi desligado do sistema em setembro. Na unidade, ele conta que voltou a estudar, participava de atividades e oficinas e passou a ter agentes e outros profissionais como refer\u00eancia de educa\u00e7\u00e3o e car\u00e1ter. Ao sair, trabalhou como servente de pedreiro &#8211; of\u00edcio que j\u00e1 desenvolvia esporadicamente &#8211; e, h\u00e1 tr\u00eas meses, conquistou um emprego de repositor de estoque em um mercado local. Eduardo* diz que est\u00e1 juntando dinheiro para tirar a carteira de moto este ano e comprar o ve\u00edculo e, no ano que vem, pretende retomar os estudos.<\/p>\n<p>\u201cPor incr\u00edvel que pare\u00e7a, essa chacoalhada foi a melhor coisa que aconteceu na minha vida. Na unidade, fui tratado com muito respeito. Sempre que me chamavam a aten\u00e7\u00e3o, era para o meu bem. Quero construir uma nova hist\u00f3ria e agrade\u00e7o a todos eles por isso\u201d, revela Eduardo*.<\/p>\n<p>*Os nomes s\u00e3o fict\u00edcios para preservar os adolescentes segundo indica\u00e7\u00e3o do Estatuto da Crian\u00e7a e do Adolescente (ECA)<\/p>\n<p>Fonte: Ag\u00eancia Minas<\/p>\n","protected":false},"excerpt":{"rendered":"<p>O Centro Socioeducativo de Juiz de Fora, na Zona da Mata mineira, comemora 10 anos de funcionamento. Ao longo da d\u00e9cada, aproximadamente 2.100 adolescentes cumpriram medidas socioeducativas de interna\u00e7\u00e3o na unidade. Com uma escola estadual dentro das instala\u00e7\u00f5es, todos passaram por acompanhamento escolar, por meio de frequ\u00eancia em escola regulamentar ou por meio de aulas [&hellip;]<\/p>\n","protected":false},"author":96,"featured_media":94840,"comment_status":"closed","ping_status":"closed","sticky":false,"template":"","format":"standard","meta":{"footnotes":""},"categories":[252],"tags":[],"class_list":["post-94841","post","type-post","status-publish","format-standard","has-post-thumbnail","hentry","category-regiao"],"_links":{"self":[{"href":"https:\/\/diarioregionaldigital.com.br\/index.php?rest_route=\/wp\/v2\/posts\/94841","targetHints":{"allow":["GET"]}}],"collection":[{"href":"https:\/\/diarioregionaldigital.com.br\/index.php?rest_route=\/wp\/v2\/posts"}],"about":[{"href":"https:\/\/diarioregionaldigital.com.br\/index.php?rest_route=\/wp\/v2\/types\/post"}],"author":[{"embeddable":true,"href":"https:\/\/diarioregionaldigital.com.br\/index.php?rest_route=\/wp\/v2\/users\/96"}],"replies":[{"embeddable":true,"href":"https:\/\/diarioregionaldigital.com.br\/index.php?rest_route=%2Fwp%2Fv2%2Fcomments&post=94841"}],"version-history":[{"count":0,"href":"https:\/\/diarioregionaldigital.com.br\/index.php?rest_route=\/wp\/v2\/posts\/94841\/revisions"}],"wp:featuredmedia":[{"embeddable":true,"href":"https:\/\/diarioregionaldigital.com.br\/index.php?rest_route=\/wp\/v2\/media\/94840"}],"wp:attachment":[{"href":"https:\/\/diarioregionaldigital.com.br\/index.php?rest_route=%2Fwp%2Fv2%2Fmedia&parent=94841"}],"wp:term":[{"taxonomy":"category","embeddable":true,"href":"https:\/\/diarioregionaldigital.com.br\/index.php?rest_route=%2Fwp%2Fv2%2Fcategories&post=94841"},{"taxonomy":"post_tag","embeddable":true,"href":"https:\/\/diarioregionaldigital.com.br\/index.php?rest_route=%2Fwp%2Fv2%2Ftags&post=94841"}],"curies":[{"name":"wp","href":"https:\/\/api.w.org\/{rel}","templated":true}]}}