{"id":94837,"date":"2018-03-29T12:15:34","date_gmt":"2018-03-29T15:15:34","guid":{"rendered":"http:\/\/diarioregionaljf.com.br\/2018\/03\/29\/malala-volta-ao-paquistao-quase-seis-anos-apos-ser-alvo-de-ataque-de-talibas\/"},"modified":"2018-03-29T12:15:34","modified_gmt":"2018-03-29T15:15:34","slug":"malala-volta-ao-paquistao-quase-seis-anos-apos-ser-alvo-de-ataque-de-talibas","status":"publish","type":"post","link":"https:\/\/diarioregionaldigital.com.br\/?p=94837","title":{"rendered":"Malala volta ao Paquist\u00e3o quase seis anos ap\u00f3s ser alvo de ataque de talib\u00e3s"},"content":{"rendered":"<p>A vencedora do Pr\u00eamio Nobel da Paz, Malala Yousafzai, retornou, nesta quinta-feira, 29, ao Paquist\u00e3o, quase seis anos depois de abandonar seu pa\u00eds ap\u00f3s um ataque talib\u00e3. Ela foi baleada na cabe\u00e7a por defender a educa\u00e7\u00e3o das meninas. A informa\u00e7\u00e3o \u00e9 da Ag\u00eancia EFE.<\/p>\n<p>&#8220;O Paquist\u00e3o d\u00e1 as boas-vindas a Gul Makai (como tamb\u00e9m \u00e9 conhecida a ativista) \u00e0 sua casa. Estamos orgulhosos de voc\u00ea&#8221;, disse o porta-voz do Minist\u00e9rio das Rela\u00e7\u00f5es Exteriores paquistan\u00eas, Mohammed Faisal, pelo Twitter.<\/p>\n<p>Malala deixou o aeroporto de Islamabad protegida por forte esquema de seguran\u00e7a, como mostraram imagens divulgadas pela emissora de TV Geo.<\/p>\n<p>A ativista se reunir\u00e1 com o primeiro-ministro, Shahid Khaqan Abbasi, com quem tratar\u00e1 de quest\u00f5es relacionadas \u00e0 educa\u00e7\u00e3o das meninas, segundo divulgaram ve\u00edculos de imprensa locais. A agenda da jovem n\u00e3o foi revelada totalmente por quest\u00f5es de seguran\u00e7a.<\/p>\n<p>No \u00faltimo s\u00e1bado, 24, a ganhadora do Nobel da Paz de 2014 relembrou seu pa\u00eds em sua conta no Twitter.<\/p>\n<p>&#8220;Neste dia, avalio as mem\u00f3rias do meu lar, jogando cr\u00edquete nos telhados e cantando o hino nacional no col\u00e9gio. Feliz Dia do Paquist\u00e3o&#8221;, escreveu a jovem, em refer\u00eancia ao dia nacional do pa\u00eds.<\/p>\n<p>Malala ganhou notoriedade ao escrever um blog para a BBC, utilizando o pseud\u00f4nimo de Gul Makai, onde denunciava as atrocidades sofridas sob o regime do Tehrik-i-Taliban (TTP).<\/p>\n<p>No dia 9 de outubro de 2012, ela foi v\u00edtima de um atentado em Mingora, no noroeste do pa\u00eds. Dois membros do TTP se aproximaram do ve\u00edculo escolar em que estava Malala e atiraram nela com um fuzil, atingindo a jovem no cr\u00e2nio e pesco\u00e7o.<\/p>\n<p>Depois de ser transferida a um hospital de Rawalpindi, perto da capital, a adolescente foi levada ainda inconsciente para o Reino Unido, onde se recuperou e atualmente reside com sua fam\u00edlia.<\/p>\n<p>Em 2014, ela se tornou a mais jovem vencedora do Pr\u00eamio Nobel da Paz, por seus esfor\u00e7os pelo direito \u00e0 educa\u00e7\u00e3o das crian\u00e7as. O pr\u00eamio foi compartilhado com o indiano Kailash Satyarthi.<\/p>\n<p>Fonte: Ag\u00eancia Brasil<\/p>\n","protected":false},"excerpt":{"rendered":"<p>A vencedora do Pr\u00eamio Nobel da Paz, Malala Yousafzai, retornou, nesta quinta-feira, 29, ao Paquist\u00e3o, quase seis anos depois de abandonar seu pa\u00eds ap\u00f3s um ataque talib\u00e3. Ela foi baleada na cabe\u00e7a por defender a educa\u00e7\u00e3o das meninas. A informa\u00e7\u00e3o \u00e9 da Ag\u00eancia EFE. &#8220;O Paquist\u00e3o d\u00e1 as boas-vindas a Gul Makai (como tamb\u00e9m \u00e9 [&hellip;]<\/p>\n","protected":false},"author":96,"featured_media":94836,"comment_status":"closed","ping_status":"closed","sticky":false,"template":"","format":"standard","meta":{"footnotes":""},"categories":[302],"tags":[],"class_list":["post-94837","post","type-post","status-publish","format-standard","has-post-thumbnail","hentry","category-brasil-mundo"],"_links":{"self":[{"href":"https:\/\/diarioregionaldigital.com.br\/index.php?rest_route=\/wp\/v2\/posts\/94837","targetHints":{"allow":["GET"]}}],"collection":[{"href":"https:\/\/diarioregionaldigital.com.br\/index.php?rest_route=\/wp\/v2\/posts"}],"about":[{"href":"https:\/\/diarioregionaldigital.com.br\/index.php?rest_route=\/wp\/v2\/types\/post"}],"author":[{"embeddable":true,"href":"https:\/\/diarioregionaldigital.com.br\/index.php?rest_route=\/wp\/v2\/users\/96"}],"replies":[{"embeddable":true,"href":"https:\/\/diarioregionaldigital.com.br\/index.php?rest_route=%2Fwp%2Fv2%2Fcomments&post=94837"}],"version-history":[{"count":0,"href":"https:\/\/diarioregionaldigital.com.br\/index.php?rest_route=\/wp\/v2\/posts\/94837\/revisions"}],"wp:featuredmedia":[{"embeddable":true,"href":"https:\/\/diarioregionaldigital.com.br\/index.php?rest_route=\/wp\/v2\/media\/94836"}],"wp:attachment":[{"href":"https:\/\/diarioregionaldigital.com.br\/index.php?rest_route=%2Fwp%2Fv2%2Fmedia&parent=94837"}],"wp:term":[{"taxonomy":"category","embeddable":true,"href":"https:\/\/diarioregionaldigital.com.br\/index.php?rest_route=%2Fwp%2Fv2%2Fcategories&post=94837"},{"taxonomy":"post_tag","embeddable":true,"href":"https:\/\/diarioregionaldigital.com.br\/index.php?rest_route=%2Fwp%2Fv2%2Ftags&post=94837"}],"curies":[{"name":"wp","href":"https:\/\/api.w.org\/{rel}","templated":true}]}}