{"id":94833,"date":"2018-03-29T12:00:44","date_gmt":"2018-03-29T15:00:44","guid":{"rendered":"http:\/\/diarioregionaljf.com.br\/2018\/03\/29\/jorge-picciani-deixa-a-cadeia-no-rio-para-cumprir-prisao-domiciliar\/"},"modified":"2018-03-29T12:00:44","modified_gmt":"2018-03-29T15:00:44","slug":"jorge-picciani-deixa-a-cadeia-no-rio-para-cumprir-prisao-domiciliar","status":"publish","type":"post","link":"https:\/\/diarioregionaldigital.com.br\/?p=94833","title":{"rendered":"Jorge Picciani deixa a cadeia no Rio para cumprir pris\u00e3o domiciliar"},"content":{"rendered":"<p>O presidente afastado da Assembleia Legislativa do Estado do Rio (Alerj), Jorge Picciani (MDB), deixou a Cadeia P\u00fablica Jos\u00e9 Frederico Marques, em Benfica, zona norte do Rio, em um carro da Pol\u00edcia Federal. O deputado recebeu autoriza\u00e7\u00e3o para sair do local ap\u00f3s decis\u00e3o, nessa quarta-feira, 27, da Segunda Turma do Supremo Tribunal Federal (STF), de conceder pris\u00e3o domiciliar ao parlamentar, que ser\u00e1 cumprida na casa dele, na Barra da Tijuca, zona oeste da cidade.<\/p>\n<p>Picciani foi preso, preventivamente, no dia 16 de novembro do ano passado junto com os tamb\u00e9m deputados da mesma legenda, Paulo Melo e Edson Albertassi, no \u00e2mbito da Opera\u00e7\u00e3o Cadeia Velha. Os tr\u00eas est\u00e3o envolvidos em den\u00fancias de recebimento de propinas para favorecer empresas de \u00f4nibus. No dia seguinte, a Alerj reverteu a decis\u00e3o judicial e votou a favor de que os tr\u00eas deixassem a pris\u00e3o. Mas, em uma outra mudan\u00e7a, no dia 21, o Tribunal Regional Federal da 2\u00aa Regi\u00e3o (TRF2) expediu uma nova ordem de pris\u00e3o e determinou o afastamento do cargo dos deputados estaduais.<\/p>\n<p>A decis\u00e3o do STF foi por 2 votos a 1, depois de ser apresentado o voto do relator, ministro Dias Toffoli, que aceitou o argumento da defesa de Picciani de que ele tem doen\u00e7a grave. Antes de ser preso, o parlamentar passou por cirurgia e tratamento para retirada da bexiga e da pr\u00f3stata, em consequ\u00eancia de c\u00e2ncer. Segundo a defesa, por isso, o deputado precisaria ter um tratamento incompat\u00edvel com as condi\u00e7\u00f5es da cadeia. Em pris\u00e3o domiciliar, no entanto, Picciani vai ter que se submeter a uma avalia\u00e7\u00e3o m\u00e9dica a cada dois meses para verificar se tem condi\u00e7\u00f5es de voltar \u00e0 cadeia ou se ainda h\u00e1 necessidade de permanecer em casa.<\/p>\n<p>O deputado n\u00e3o p\u00f4de deixar a pris\u00e3o sem que a Secretaria de Estado de Administra\u00e7\u00e3o Penitenci\u00e1ria do Rio de Janeiro recebesse o alvar\u00e1 de soltura liberado pela Justi\u00e7a Federal, o que s\u00f3 ocorreu nesta noite.<\/p>\n<p>No comunicado \u00e0 Secretaria, o desembargador Aluisio Mendes do Tribunal Regional Federal da 2\u00aa Regi\u00e3o (TRF2) informou que n\u00e3o recebeu a \u00edntegra do voto do relator. Desta forma, a pris\u00e3o domiciliar seria concedida, mas poderia ser acrescida de alguma determina\u00e7\u00e3o do ministro Toffoli caso ele entendesse que o deputado teria de atender a algumas condi\u00e7\u00f5es em casa.<\/p>\n<p>&#8220;N\u00e3o consta no site do STF, at\u00e9 o presente momento, o voto do Relator. Considerando a aus\u00eancia de expediente nos tribunais federais a partir da presente data e que se prolongar\u00e1 por mais quatro dias, mostra-se invi\u00e1vel a tentativa de se obter a \u00edntegra do voto de imediato. Desse modo, h\u00e1 que se efetuar a imediata convers\u00e3o, em cumprimento \u00e0 ordem concedida pela Corte Suprema, sem preju\u00edzo da verifica\u00e7\u00e3o posterior, pelo Relator, quanto \u00e0 exist\u00eancia de alguma condi\u00e7\u00e3o estabelecida e a \u00edntegra do teor da decis\u00e3o, nos termos do voto do eminente Relator\u201d, apontou.<\/p>\n<p>O desembargador destacou que qualquer complemento \u00e0 pris\u00e3o domiciliar ter\u00e1 que ser informada pelo ministro do STF posteriormente, como por exemplo o uso de tornozeleira eletr\u00f4nica.<\/p>\n<p>Fonte: Ag\u00eancia Brasil<\/p>\n","protected":false},"excerpt":{"rendered":"<p>O presidente afastado da Assembleia Legislativa do Estado do Rio (Alerj), Jorge Picciani (MDB), deixou a Cadeia P\u00fablica Jos\u00e9 Frederico Marques, em Benfica, zona norte do Rio, em um carro da Pol\u00edcia Federal. O deputado recebeu autoriza\u00e7\u00e3o para sair do local ap\u00f3s decis\u00e3o, nessa quarta-feira, 27, da Segunda Turma do Supremo Tribunal Federal (STF), de [&hellip;]<\/p>\n","protected":false},"author":96,"featured_media":94832,"comment_status":"closed","ping_status":"closed","sticky":false,"template":"","format":"standard","meta":{"footnotes":""},"categories":[254],"tags":[],"class_list":["post-94833","post","type-post","status-publish","format-standard","has-post-thumbnail","hentry","category-politica"],"_links":{"self":[{"href":"https:\/\/diarioregionaldigital.com.br\/index.php?rest_route=\/wp\/v2\/posts\/94833","targetHints":{"allow":["GET"]}}],"collection":[{"href":"https:\/\/diarioregionaldigital.com.br\/index.php?rest_route=\/wp\/v2\/posts"}],"about":[{"href":"https:\/\/diarioregionaldigital.com.br\/index.php?rest_route=\/wp\/v2\/types\/post"}],"author":[{"embeddable":true,"href":"https:\/\/diarioregionaldigital.com.br\/index.php?rest_route=\/wp\/v2\/users\/96"}],"replies":[{"embeddable":true,"href":"https:\/\/diarioregionaldigital.com.br\/index.php?rest_route=%2Fwp%2Fv2%2Fcomments&post=94833"}],"version-history":[{"count":0,"href":"https:\/\/diarioregionaldigital.com.br\/index.php?rest_route=\/wp\/v2\/posts\/94833\/revisions"}],"wp:featuredmedia":[{"embeddable":true,"href":"https:\/\/diarioregionaldigital.com.br\/index.php?rest_route=\/wp\/v2\/media\/94832"}],"wp:attachment":[{"href":"https:\/\/diarioregionaldigital.com.br\/index.php?rest_route=%2Fwp%2Fv2%2Fmedia&parent=94833"}],"wp:term":[{"taxonomy":"category","embeddable":true,"href":"https:\/\/diarioregionaldigital.com.br\/index.php?rest_route=%2Fwp%2Fv2%2Fcategories&post=94833"},{"taxonomy":"post_tag","embeddable":true,"href":"https:\/\/diarioregionaldigital.com.br\/index.php?rest_route=%2Fwp%2Fv2%2Ftags&post=94833"}],"curies":[{"name":"wp","href":"https:\/\/api.w.org\/{rel}","templated":true}]}}