{"id":94829,"date":"2018-03-29T11:42:47","date_gmt":"2018-03-29T14:42:47","guid":{"rendered":"http:\/\/diarioregionaljf.com.br\/2018\/03\/29\/mega-sena-acumula-e-pode-pagar-r-35-milhoes-no-sabado\/"},"modified":"2018-03-29T11:42:47","modified_gmt":"2018-03-29T14:42:47","slug":"mega-sena-acumula-e-pode-pagar-r-35-milhoes-no-sabado","status":"publish","type":"post","link":"https:\/\/diarioregionaldigital.com.br\/?p=94829","title":{"rendered":"Mega-Sena acumula e pode pagar R$35 milh\u00f5es no s\u00e1bado"},"content":{"rendered":"<p>Ningu\u00e9m acertou as seis dezenas do concurso 2026 da Mega-Sena dessa quarta-feira, 28. Com isso, o pr\u00eamio acumulou e deve chegar a R$35 milh\u00f5es no pr\u00f3ximo sorteio no dia 31.<\/p>\n<p>As dezenas sorteadas s\u00e3o: 10 &#8211; 23 &#8211; 31 &#8211; 33 &#8211; 51 &#8211; 52.<\/p>\n<p>&nbsp;<\/p>\n<h4>C\u00c1LCULO DO PR\u00caMIO<\/h4>\n<p>&nbsp;<\/p>\n<p>O valor arrecadado com o concurso da Mega-Sena n\u00e3o \u00e9 totalmente revertido em pr\u00eamio para o ganhador. Parte do montante \u00e9 repassada ao governo federal para investimentos nas \u00e1reas de sa\u00fade, educa\u00e7\u00e3o, seguran\u00e7a, cultura e esporte.<\/p>\n<p>Al\u00e9m disso, h\u00e1 despesas de custeio do concurso, imposto de renda e outros, que fazem com que o pr\u00eamio bruto corresponda a 46% da arrecada\u00e7\u00e3o. Dessa porcentagem, 35% s\u00e3o distribu\u00eddos entre os acertadores dos seis n\u00fameros sorteados (sena); 19% entre os acertadores de cinco n\u00fameros (quina); 19% entre os acertadores de quatro n\u00fameros (quadra); 22% ficam acumulados e distribu\u00eddos aos acertadores dos seis n\u00fameros nos concursos de final 0 ou 5, e 5% ficam acumulados para a primeira faixa &#8211; sena &#8211; do \u00faltimo concurso do ano de final zero ou 5.<\/p>\n<p>N\u00e3o havendo acertador em qualquer faixa, o valor acumula para o concurso seguinte, na respectiva faixa de premia\u00e7\u00e3o.<\/p>\n<p>Os pr\u00eamios prescrevem 90 dias ap\u00f3s a data do sorteio. Ap\u00f3s esse prazo, os valores s\u00e3o repassados ao Tesouro Nacional para aplica\u00e7\u00e3o no FIES &#8211; Fundo de Financiamento ao Estudante do Ensino Superior.<\/p>\n<p>&nbsp;<\/p>\n<p>Fonte: Ag\u00eancia Brasil<\/p>\n","protected":false},"excerpt":{"rendered":"<p>Ningu\u00e9m acertou as seis dezenas do concurso 2026 da Mega-Sena dessa quarta-feira, 28. Com isso, o pr\u00eamio acumulou e deve chegar a R$35 milh\u00f5es no pr\u00f3ximo sorteio no dia 31. As dezenas sorteadas s\u00e3o: 10 &#8211; 23 &#8211; 31 &#8211; 33 &#8211; 51 &#8211; 52. &nbsp; C\u00c1LCULO DO PR\u00caMIO &nbsp; O valor arrecadado com o [&hellip;]<\/p>\n","protected":false},"author":96,"featured_media":94828,"comment_status":"closed","ping_status":"closed","sticky":false,"template":"","format":"standard","meta":{"footnotes":""},"categories":[261],"tags":[],"class_list":["post-94829","post","type-post","status-publish","format-standard","has-post-thumbnail","hentry","category-economia"],"_links":{"self":[{"href":"https:\/\/diarioregionaldigital.com.br\/index.php?rest_route=\/wp\/v2\/posts\/94829","targetHints":{"allow":["GET"]}}],"collection":[{"href":"https:\/\/diarioregionaldigital.com.br\/index.php?rest_route=\/wp\/v2\/posts"}],"about":[{"href":"https:\/\/diarioregionaldigital.com.br\/index.php?rest_route=\/wp\/v2\/types\/post"}],"author":[{"embeddable":true,"href":"https:\/\/diarioregionaldigital.com.br\/index.php?rest_route=\/wp\/v2\/users\/96"}],"replies":[{"embeddable":true,"href":"https:\/\/diarioregionaldigital.com.br\/index.php?rest_route=%2Fwp%2Fv2%2Fcomments&post=94829"}],"version-history":[{"count":0,"href":"https:\/\/diarioregionaldigital.com.br\/index.php?rest_route=\/wp\/v2\/posts\/94829\/revisions"}],"wp:featuredmedia":[{"embeddable":true,"href":"https:\/\/diarioregionaldigital.com.br\/index.php?rest_route=\/wp\/v2\/media\/94828"}],"wp:attachment":[{"href":"https:\/\/diarioregionaldigital.com.br\/index.php?rest_route=%2Fwp%2Fv2%2Fmedia&parent=94829"}],"wp:term":[{"taxonomy":"category","embeddable":true,"href":"https:\/\/diarioregionaldigital.com.br\/index.php?rest_route=%2Fwp%2Fv2%2Fcategories&post=94829"},{"taxonomy":"post_tag","embeddable":true,"href":"https:\/\/diarioregionaldigital.com.br\/index.php?rest_route=%2Fwp%2Fv2%2Ftags&post=94829"}],"curies":[{"name":"wp","href":"https:\/\/api.w.org\/{rel}","templated":true}]}}