{"id":94827,"date":"2018-03-29T11:25:11","date_gmt":"2018-03-29T14:25:11","guid":{"rendered":"http:\/\/diarioregionaljf.com.br\/2018\/03\/29\/dupla-armada-rouba-estabelecimento-no-cidade-do-sol\/"},"modified":"2018-03-29T11:25:11","modified_gmt":"2018-03-29T14:25:11","slug":"dupla-armada-rouba-estabelecimento-no-cidade-do-sol","status":"publish","type":"post","link":"https:\/\/diarioregionaldigital.com.br\/?p=94827","title":{"rendered":"Dupla armada rouba estabelecimento no Cidade do Sol"},"content":{"rendered":"<p>Um estabelecimento comercial, localizado na Rua Jos\u00e9 Teixeira da Silva, bairro Cidade do Sol, zona Norte da cidade, foi assaltado por dois indiv\u00edduos armados e encapuzados na manh\u00e3 dessa quarta-feira, 28.<\/p>\n<p>Conforme o Boletim de Ocorr\u00eancia (BO), a v\u00edtima, uma comerciante de 52 anos, informou que foi surpreendida pelos assaltantes que, de posse de uma arma de fogo, anunciaram o roubo. Eles fugiram, em rumo desconhecido, levando a quantia de R$20.<\/p>\n<p>Os militares fizeram rastreamento, mas ningu\u00e9m foi encontrado.<\/p>\n<p>&nbsp;<\/p>\n<h4>NO CENTRO<\/h4>\n<p>No bairro Granbery, regi\u00e3o Central, uma padaria foi assaltada por um indiv\u00edduo usando capacete e portando uma garrucha na noite dessa quarta-feira, 28. A v\u00edtima, uma jovem de 20 anos, relatou \u00e0 PM que trabalhava no local quando foi surpreendida pelo autor, que exigiu o dinheiro do caixa. O BO n\u00e3o informa a quantia roubada.<\/p>\n<p>O assaltante teria colocado o dinheiro em uma mochila e fugido em sequ\u00eancia, tomando rumo ignorado. Os policiais realizaram rastreamento no local, mas o autor n\u00e3o foi encontrado.<\/p>\n","protected":false},"excerpt":{"rendered":"<p>Um estabelecimento comercial, localizado na Rua Jos\u00e9 Teixeira da Silva, bairro Cidade do Sol, zona Norte da cidade, foi assaltado por dois indiv\u00edduos armados e encapuzados na manh\u00e3 dessa quarta-feira, 28. Conforme o Boletim de Ocorr\u00eancia (BO), a v\u00edtima, uma comerciante de 52 anos, informou que foi surpreendida pelos assaltantes que, de posse de uma [&hellip;]<\/p>\n","protected":false},"author":96,"featured_media":94826,"comment_status":"closed","ping_status":"closed","sticky":false,"template":"","format":"standard","meta":{"footnotes":""},"categories":[301],"tags":[],"class_list":["post-94827","post","type-post","status-publish","format-standard","has-post-thumbnail","hentry","category-artigos-policiais"],"_links":{"self":[{"href":"https:\/\/diarioregionaldigital.com.br\/index.php?rest_route=\/wp\/v2\/posts\/94827","targetHints":{"allow":["GET"]}}],"collection":[{"href":"https:\/\/diarioregionaldigital.com.br\/index.php?rest_route=\/wp\/v2\/posts"}],"about":[{"href":"https:\/\/diarioregionaldigital.com.br\/index.php?rest_route=\/wp\/v2\/types\/post"}],"author":[{"embeddable":true,"href":"https:\/\/diarioregionaldigital.com.br\/index.php?rest_route=\/wp\/v2\/users\/96"}],"replies":[{"embeddable":true,"href":"https:\/\/diarioregionaldigital.com.br\/index.php?rest_route=%2Fwp%2Fv2%2Fcomments&post=94827"}],"version-history":[{"count":0,"href":"https:\/\/diarioregionaldigital.com.br\/index.php?rest_route=\/wp\/v2\/posts\/94827\/revisions"}],"wp:featuredmedia":[{"embeddable":true,"href":"https:\/\/diarioregionaldigital.com.br\/index.php?rest_route=\/wp\/v2\/media\/94826"}],"wp:attachment":[{"href":"https:\/\/diarioregionaldigital.com.br\/index.php?rest_route=%2Fwp%2Fv2%2Fmedia&parent=94827"}],"wp:term":[{"taxonomy":"category","embeddable":true,"href":"https:\/\/diarioregionaldigital.com.br\/index.php?rest_route=%2Fwp%2Fv2%2Fcategories&post=94827"},{"taxonomy":"post_tag","embeddable":true,"href":"https:\/\/diarioregionaldigital.com.br\/index.php?rest_route=%2Fwp%2Fv2%2Ftags&post=94827"}],"curies":[{"name":"wp","href":"https:\/\/api.w.org\/{rel}","templated":true}]}}