{"id":94825,"date":"2018-03-29T11:06:04","date_gmt":"2018-03-29T14:06:04","guid":{"rendered":"http:\/\/diarioregionaljf.com.br\/2018\/03\/29\/pm-detem-tres-adolescentes-e-um-jovem-apos-assalto-a-posto-de-gasolina-na-zona-norte\/"},"modified":"2018-03-29T11:06:04","modified_gmt":"2018-03-29T14:06:04","slug":"pm-detem-tres-adolescentes-e-um-jovem-apos-assalto-a-posto-de-gasolina-na-zona-norte","status":"publish","type":"post","link":"https:\/\/diarioregionaldigital.com.br\/?p=94825","title":{"rendered":"PM det\u00e9m tr\u00eas adolescentes e um jovem ap\u00f3s assalto a posto de gasolina na zona Norte"},"content":{"rendered":"<p>Dois adolescentes de 15 anos, uma adolescente de 17 e um jovem de 18, foram detidos no bairro F\u00e1brica, ap\u00f3s assaltarem um posto de gasolina na zona Norte de Juiz de Fora, na noite dessa quarta-feira, 28. Os autores assumiram a autoria de outros roubos.<\/p>\n<p>Conforme registro da ocorr\u00eancia na Pol\u00edcia Militar (PM), uma guarni\u00e7\u00e3o se deslocou at\u00e9 o estabelecimento, na Avenida Garcia Rodrigues Paes, bairro Industrial, ap\u00f3s ser acionada pela v\u00edtima, um homem de 46 anos. Durante rastreamento, os militares localizaram o ve\u00edculo usado pelo quarteto, mas ap\u00f3s perceberem a aproxima\u00e7\u00e3o da viatura os autores conseguiram fugir. O carro foi abandonado na Rua Coronel Vidal, no bairro Mariano Proc\u00f3pio.<\/p>\n<p>A guarni\u00e7\u00e3o deu prosseguimento \u00e0s buscas, vindo a localizar os quatro autores na Rua Bernardo Mascarenhas. Durante buscas pessoais, foram encontrados, no bolso da adolescente, R$352 em dinheiro. A quantia teria sido roubada do posto de combust\u00edveis na zona Norte.<br \/>Os autores relataram aos militares que esconderam a arma usada no crime pr\u00f3ximo a uma lixeira no acesso Norte. O rev\u00f3lver, de calibre .32, foi localizado e estava municiado com dois cartuchos, um deles &#8220;picotado&#8221;.<\/p>\n<p>Ainda segundo o registro da ocorr\u00eancia, os detidos teriam confessado a autoria de outros roubos, informando que alguns objetos subtra\u00eddos encontravam-se na resid\u00eancia do jovem, no bairro Manoel Hon\u00f3rio. Na casa dele foram apreendidos cinco aparelhos celulares. J\u00e1 na resid\u00eancia de um dos adolescentes, foram encontradas quatro buchas de maconha em um guarda-roupas no quarto do menor.<\/p>\n<p>O jovem de 18 anos foi preso por roubo e por corrup\u00e7\u00e3o de menores. Os tr\u00eas adolescentes foram apreendidos.<\/p>\n","protected":false},"excerpt":{"rendered":"<p>Dois adolescentes de 15 anos, uma adolescente de 17 e um jovem de 18, foram detidos no bairro F\u00e1brica, ap\u00f3s assaltarem um posto de gasolina na zona Norte de Juiz de Fora, na noite dessa quarta-feira, 28. Os autores assumiram a autoria de outros roubos. Conforme registro da ocorr\u00eancia na Pol\u00edcia Militar (PM), uma guarni\u00e7\u00e3o [&hellip;]<\/p>\n","protected":false},"author":96,"featured_media":94824,"comment_status":"closed","ping_status":"closed","sticky":false,"template":"","format":"standard","meta":{"footnotes":""},"categories":[301],"tags":[],"class_list":["post-94825","post","type-post","status-publish","format-standard","has-post-thumbnail","hentry","category-artigos-policiais"],"_links":{"self":[{"href":"https:\/\/diarioregionaldigital.com.br\/index.php?rest_route=\/wp\/v2\/posts\/94825","targetHints":{"allow":["GET"]}}],"collection":[{"href":"https:\/\/diarioregionaldigital.com.br\/index.php?rest_route=\/wp\/v2\/posts"}],"about":[{"href":"https:\/\/diarioregionaldigital.com.br\/index.php?rest_route=\/wp\/v2\/types\/post"}],"author":[{"embeddable":true,"href":"https:\/\/diarioregionaldigital.com.br\/index.php?rest_route=\/wp\/v2\/users\/96"}],"replies":[{"embeddable":true,"href":"https:\/\/diarioregionaldigital.com.br\/index.php?rest_route=%2Fwp%2Fv2%2Fcomments&post=94825"}],"version-history":[{"count":0,"href":"https:\/\/diarioregionaldigital.com.br\/index.php?rest_route=\/wp\/v2\/posts\/94825\/revisions"}],"wp:featuredmedia":[{"embeddable":true,"href":"https:\/\/diarioregionaldigital.com.br\/index.php?rest_route=\/wp\/v2\/media\/94824"}],"wp:attachment":[{"href":"https:\/\/diarioregionaldigital.com.br\/index.php?rest_route=%2Fwp%2Fv2%2Fmedia&parent=94825"}],"wp:term":[{"taxonomy":"category","embeddable":true,"href":"https:\/\/diarioregionaldigital.com.br\/index.php?rest_route=%2Fwp%2Fv2%2Fcategories&post=94825"},{"taxonomy":"post_tag","embeddable":true,"href":"https:\/\/diarioregionaldigital.com.br\/index.php?rest_route=%2Fwp%2Fv2%2Ftags&post=94825"}],"curies":[{"name":"wp","href":"https:\/\/api.w.org\/{rel}","templated":true}]}}