{"id":94823,"date":"2018-03-29T10:39:38","date_gmt":"2018-03-29T13:39:38","guid":{"rendered":"http:\/\/diarioregionaljf.com.br\/2018\/03\/29\/homem-e-preso-apos-assaltar-jovens-no-alto-dos-passos\/"},"modified":"2018-03-29T10:39:38","modified_gmt":"2018-03-29T13:39:38","slug":"homem-e-preso-apos-assaltar-jovens-no-alto-dos-passos","status":"publish","type":"post","link":"https:\/\/diarioregionaldigital.com.br\/?p=94823","title":{"rendered":"Homem \u00e9 preso ap\u00f3s assaltar jovens no Alto dos Passos"},"content":{"rendered":"<p>Um homem de 30 anos foi preso ap\u00f3s assaltar uma jovem de 21 anos e um rapaz de 22 no bairro Alto dos Passos, zona Sul, na noite dessa quarta-feira, 28.<\/p>\n<p>As v\u00edtimas relataram \u00e0 Pol\u00edcia Militar (PM) que transitavam pela Rua Bar\u00e3o de S\u00e3o Marcelino quando foram abordadas por dois indiv\u00edduos em um carro. Portando uma arma de fogo, o homem detido anunciou o assalto e roubou do jovem um aparelho celular e a quantia de R$200 em dinheiro.<\/p>\n<p>De posse das informa\u00e7\u00f5es repassadas pelas v\u00edtimas, os militares localizaram o ve\u00edculo usado na a\u00e7\u00e3o. O autor foi preso ap\u00f3s ser reconhecido pelas v\u00edtimas. J\u00e1 o homem que conduzia o carro na hora da abordagem n\u00e3o foi reconhecido pelos jovens e informou que apenas teria dado carona ao autor e a um outro indiv\u00edduo, que n\u00e3o foi localizado.<\/p>\n<p>Dentro do ve\u00edculo foram encontrados uma bucha de maconha e dois papelotes de coca\u00edna. Os itens roubados n\u00e3o foram recuperados.<\/p>\n","protected":false},"excerpt":{"rendered":"<p>Um homem de 30 anos foi preso ap\u00f3s assaltar uma jovem de 21 anos e um rapaz de 22 no bairro Alto dos Passos, zona Sul, na noite dessa quarta-feira, 28. As v\u00edtimas relataram \u00e0 Pol\u00edcia Militar (PM) que transitavam pela Rua Bar\u00e3o de S\u00e3o Marcelino quando foram abordadas por dois indiv\u00edduos em um carro. [&hellip;]<\/p>\n","protected":false},"author":96,"featured_media":94822,"comment_status":"closed","ping_status":"closed","sticky":false,"template":"","format":"standard","meta":{"footnotes":""},"categories":[301],"tags":[],"class_list":["post-94823","post","type-post","status-publish","format-standard","has-post-thumbnail","hentry","category-artigos-policiais"],"_links":{"self":[{"href":"https:\/\/diarioregionaldigital.com.br\/index.php?rest_route=\/wp\/v2\/posts\/94823","targetHints":{"allow":["GET"]}}],"collection":[{"href":"https:\/\/diarioregionaldigital.com.br\/index.php?rest_route=\/wp\/v2\/posts"}],"about":[{"href":"https:\/\/diarioregionaldigital.com.br\/index.php?rest_route=\/wp\/v2\/types\/post"}],"author":[{"embeddable":true,"href":"https:\/\/diarioregionaldigital.com.br\/index.php?rest_route=\/wp\/v2\/users\/96"}],"replies":[{"embeddable":true,"href":"https:\/\/diarioregionaldigital.com.br\/index.php?rest_route=%2Fwp%2Fv2%2Fcomments&post=94823"}],"version-history":[{"count":0,"href":"https:\/\/diarioregionaldigital.com.br\/index.php?rest_route=\/wp\/v2\/posts\/94823\/revisions"}],"wp:featuredmedia":[{"embeddable":true,"href":"https:\/\/diarioregionaldigital.com.br\/index.php?rest_route=\/wp\/v2\/media\/94822"}],"wp:attachment":[{"href":"https:\/\/diarioregionaldigital.com.br\/index.php?rest_route=%2Fwp%2Fv2%2Fmedia&parent=94823"}],"wp:term":[{"taxonomy":"category","embeddable":true,"href":"https:\/\/diarioregionaldigital.com.br\/index.php?rest_route=%2Fwp%2Fv2%2Fcategories&post=94823"},{"taxonomy":"post_tag","embeddable":true,"href":"https:\/\/diarioregionaldigital.com.br\/index.php?rest_route=%2Fwp%2Fv2%2Ftags&post=94823"}],"curies":[{"name":"wp","href":"https:\/\/api.w.org\/{rel}","templated":true}]}}