{"id":94821,"date":"2018-03-29T10:27:02","date_gmt":"2018-03-29T13:27:02","guid":{"rendered":"http:\/\/diarioregionaljf.com.br\/2018\/03\/29\/petrobras-entra-para-grupo-de-petroleiras-voltado-para-reduzir-emissoes-de-gas\/"},"modified":"2018-03-29T10:27:02","modified_gmt":"2018-03-29T13:27:02","slug":"petrobras-entra-para-grupo-de-petroleiras-voltado-para-reduzir-emissoes-de-gas","status":"publish","type":"post","link":"https:\/\/diarioregionaldigital.com.br\/?p=94821","title":{"rendered":"Petrobras entra para grupo de petroleiras voltado para reduzir emiss\u00f5es de g\u00e1s"},"content":{"rendered":"<p>A Petrobras far\u00e1 parte, como membro oficial, da Oil and Gas Climate Initiative (OGCI), que re\u00fane dez das maiores operadoras mundiais de \u00f3leo e g\u00e1s, representando mais de 25% da produ\u00e7\u00e3o global. A entrada da Petrobras no grupo passou foi aprovada nessa quarta-feira, 28, no Conselho de Administra\u00e7\u00e3o da companhia.<\/p>\n<p>Segundo a estatal, o objetivo da OGCI, iniciativa liderada por presidentes da BP, Petrobras, CNPC, Eni, Pemex, Repsol, Saudi Aramco, Shell, Statoil e Total, \u00e9 conduzir uma resposta do setor \u00e0s mudan\u00e7as clim\u00e1ticas, contribuindo para reduzir as emiss\u00f5es de gases de efeito estufa.<\/p>\n<p>O bra\u00e7o de investimentos do grupo, a OGCI Climate Investments, prev\u00ea investimento de US$1 bilh\u00e3o para os pr\u00f3ximos 10 anos para apoiar o desenvolvimento, implanta\u00e7\u00e3o e amplia\u00e7\u00e3o de tecnologias de baixas emiss\u00f5es. A Petrobras informou que o valor ser\u00e1 distribu\u00eddo igualmente entre todos os membros da OGCI durante esse per\u00edodo.<\/p>\n<p>Para o presidente do conselho da OGCI e CEO da BP, Bob Dudley, a participa\u00e7\u00e3o da Petrobras aumentar\u00e1 a massa cr\u00edtica do grupo. \u201cImpulsionar\u00e1 o trabalho e ampliar\u00e1 nossa cobertura em uma nova e importante \u00e1rea, a Am\u00e9rica do Sul\u201d, disse.<\/p>\n<p>O presidente da Petrobras, Pedro Parente, disse que ades\u00e3o volunt\u00e1ria \u00e0 OGCI refor\u00e7a o compromisso da empresa com a redu\u00e7\u00e3o de emiss\u00f5es e com uma matriz energ\u00e9tica mais eficiente evoluindo constantemente com a sociedade.<\/p>\n<p>\u201cA transi\u00e7\u00e3o para uma economia de baixo carbono faz parte da nossa estrat\u00e9gia e inclui a redu\u00e7\u00e3o das emiss\u00f5es, a intensifica\u00e7\u00e3o do uso do g\u00e1s natural e o desenvolvimento de tecnologias em energias alternativas. Ser\u00e1 muito relevante a parceria com grandes empresas do setor, que enfrentam desafios semelhantes aos nossos\u201d.<\/p>\n<p>&nbsp;<\/p>\n<p>Fonte: Ag\u00eancia Brasil<\/p>\n<p>&nbsp;<\/p>\n","protected":false},"excerpt":{"rendered":"<p>A Petrobras far\u00e1 parte, como membro oficial, da Oil and Gas Climate Initiative (OGCI), que re\u00fane dez das maiores operadoras mundiais de \u00f3leo e g\u00e1s, representando mais de 25% da produ\u00e7\u00e3o global. A entrada da Petrobras no grupo passou foi aprovada nessa quarta-feira, 28, no Conselho de Administra\u00e7\u00e3o da companhia. Segundo a estatal, o objetivo [&hellip;]<\/p>\n","protected":false},"author":96,"featured_media":94820,"comment_status":"closed","ping_status":"closed","sticky":false,"template":"","format":"standard","meta":{"footnotes":""},"categories":[302],"tags":[],"class_list":["post-94821","post","type-post","status-publish","format-standard","has-post-thumbnail","hentry","category-brasil-mundo"],"_links":{"self":[{"href":"https:\/\/diarioregionaldigital.com.br\/index.php?rest_route=\/wp\/v2\/posts\/94821","targetHints":{"allow":["GET"]}}],"collection":[{"href":"https:\/\/diarioregionaldigital.com.br\/index.php?rest_route=\/wp\/v2\/posts"}],"about":[{"href":"https:\/\/diarioregionaldigital.com.br\/index.php?rest_route=\/wp\/v2\/types\/post"}],"author":[{"embeddable":true,"href":"https:\/\/diarioregionaldigital.com.br\/index.php?rest_route=\/wp\/v2\/users\/96"}],"replies":[{"embeddable":true,"href":"https:\/\/diarioregionaldigital.com.br\/index.php?rest_route=%2Fwp%2Fv2%2Fcomments&post=94821"}],"version-history":[{"count":0,"href":"https:\/\/diarioregionaldigital.com.br\/index.php?rest_route=\/wp\/v2\/posts\/94821\/revisions"}],"wp:featuredmedia":[{"embeddable":true,"href":"https:\/\/diarioregionaldigital.com.br\/index.php?rest_route=\/wp\/v2\/media\/94820"}],"wp:attachment":[{"href":"https:\/\/diarioregionaldigital.com.br\/index.php?rest_route=%2Fwp%2Fv2%2Fmedia&parent=94821"}],"wp:term":[{"taxonomy":"category","embeddable":true,"href":"https:\/\/diarioregionaldigital.com.br\/index.php?rest_route=%2Fwp%2Fv2%2Fcategories&post=94821"},{"taxonomy":"post_tag","embeddable":true,"href":"https:\/\/diarioregionaldigital.com.br\/index.php?rest_route=%2Fwp%2Fv2%2Ftags&post=94821"}],"curies":[{"name":"wp","href":"https:\/\/api.w.org\/{rel}","templated":true}]}}