{"id":94819,"date":"2018-03-28T22:31:28","date_gmt":"2018-03-29T01:31:28","guid":{"rendered":"http:\/\/diarioregionaljf.com.br\/2018\/03\/28\/museu-de-ciencias-da-terra-sera-ampliado-e-modernizado-no-rio\/"},"modified":"2018-03-28T22:31:28","modified_gmt":"2018-03-29T01:31:28","slug":"museu-de-ciencias-da-terra-sera-ampliado-e-modernizado-no-rio","status":"publish","type":"post","link":"https:\/\/diarioregionaldigital.com.br\/?p=94819","title":{"rendered":"Museu de Ci\u00eancias da Terra ser\u00e1 ampliado e modernizado no Rio"},"content":{"rendered":"<p>O Museu de Ci\u00eancias da Terra, tamb\u00e9m conhecido como Pal\u00e1cio da Geologia, vai passar por amplia\u00e7\u00e3o e moderniza\u00e7\u00e3o. O espa\u00e7o, instalado na Urca, zona sul do Rio, em um pr\u00e9dio de estilo neocl\u00e1ssico tombado por decreto municipal, \u00e9 administrado desde 2012 pela Companhia de Pesquisas de Recursos Minerais (CPRM), empresa ligada ao Minist\u00e9rio de Minas e Energia.<\/p>\n<p>A reforma inclui a incorpora\u00e7\u00e3o de acervos dedicados \u00e0 hist\u00f3ria da explora\u00e7\u00e3o e produ\u00e7\u00e3o de petr\u00f3leo e g\u00e1s no Brasil e a constru\u00e7\u00e3o de um centro de refer\u00eancia em geoci\u00eancias, com a instala\u00e7\u00e3o de laborat\u00f3rios de alta performance voltados para pesquisas geol\u00f3gicas e an\u00e1lises geoqu\u00edmicas.<\/p>\n<p>O protocolo de inten\u00e7\u00f5es para a realiza\u00e7\u00e3o das obras foi assinado ontem, 27, no Minist\u00e9rio de Minas e Energia, em parceria com a Petrobras, Ag\u00eancia Nacional do Petr\u00f3leo, G\u00e1s Natural e Biocombust\u00edveis (ANP) e a CPRM. De acordo com a Petrobras, a perspectiva \u00e9 de que o contrato definitivo seja assinado ainda este ano para que as obras tenham in\u00edcio em 2020.<\/p>\n<p>O banco de dados de explora\u00e7\u00e3o e produ\u00e7\u00e3o da Ag\u00eancia Nacional do Petr\u00f3leo, considerado o maior acervo do pa\u00eds de informa\u00e7\u00f5es hist\u00f3ricas sobre dados s\u00edsmicos das bacias terrestres e mar\u00edtimas brasileiras, vai passar para um novo espa\u00e7o com a cria\u00e7\u00e3o de um centro de rochas e fluidos.<\/p>\n<p>Segundo a diretora de Explora\u00e7\u00e3o e Produ\u00e7\u00e3o da Petrobras, Solange Guedes, a inten\u00e7\u00e3o \u00e9 transformar o Museu de Ci\u00eancias em refer\u00eancia nacional. \u201cVamos modernizar e reformar o espa\u00e7o, trazendo um acervo riqu\u00edssimo que registrar\u00e1 mais de 60 anos das nossas atividades de explora\u00e7\u00e3o de petr\u00f3leo e g\u00e1s no Brasil.\u201d<\/p>\n<p>O centro de pesquisas ge\u00f3logicas ter\u00e1 equipamentos de n\u00edvel internacional, de acordo com a diretora. \u201cAl\u00e9m de mostrar ao p\u00fablico a hist\u00f3ria do petr\u00f3leo no pa\u00eds, o espa\u00e7o ser\u00e1 equipado com um aut\u00eantico centro de pesquisas geol\u00f3gicas de classe mundial, dedicado \u00e0 gera\u00e7\u00e3o de conhecimento sobre o tema\u201d, informou.<\/p>\n<p>Integram o acervo do museu centenas de amostras de rochas representativas da geologia das bacias petrol\u00edferas brasileiras e de compostos de petr\u00f3leo coletados ao longo de mais de seis d\u00e9cadas de atua\u00e7\u00e3o da Petrobras. Os dados contam a trajet\u00f3ria das atividades geof\u00edsicas no pa\u00eds.<\/p>\n<p>Classificado como um dos mais ricos da Am\u00e9rica Latina, o acervo conta com 7 mil amostras de minerais brasileiros e estrangeiros, 12 mil rochas, meteoritos e f\u00f3sseis, que somam mais de 100 mil esp\u00e9cimes. A biblioteca tem cerca de 90 mil volumes de publica\u00e7\u00f5es relacionadas \u00e0 \u00e1rea de geoci\u00eancias e as crian\u00e7as podem visitar uma parte destinada a elas na Biblioteca Infantil.<\/p>\n<p>Participaram da cerim\u00f4nia de assinatura do conv\u00eanio, o diretor-geral da ANP, D\u00e9cio Odone, o diretor-presidente da CPRM, Esteves Colnago, o gerente geral de Explora\u00e7\u00e3o da \u00c1rea Terrestre da Petrobras, Ricardo Pinheiro Machado, e outros representantes do setor.<\/p>\n<p>O Museu de Ci\u00eancias da Terra foi constru\u00eddo em 1908 para sediar o Pal\u00e1cio dos Estados, durante a Exposi\u00e7\u00e3o Comemorativa do Centen\u00e1rio da Abertura dos Portos do Brasil.<\/p>\n<hr \/>\n<p>&nbsp;Fonte; Ag\u00eancia Brasil<\/p>\n","protected":false},"excerpt":{"rendered":"<p>O Museu de Ci\u00eancias da Terra, tamb\u00e9m conhecido como Pal\u00e1cio da Geologia, vai passar por amplia\u00e7\u00e3o e moderniza\u00e7\u00e3o. O espa\u00e7o, instalado na Urca, zona sul do Rio, em um pr\u00e9dio de estilo neocl\u00e1ssico tombado por decreto municipal, \u00e9 administrado desde 2012 pela Companhia de Pesquisas de Recursos Minerais (CPRM), empresa ligada ao Minist\u00e9rio de Minas [&hellip;]<\/p>\n","protected":false},"author":96,"featured_media":94818,"comment_status":"closed","ping_status":"closed","sticky":false,"template":"","format":"standard","meta":{"footnotes":""},"categories":[302],"tags":[],"class_list":["post-94819","post","type-post","status-publish","format-standard","has-post-thumbnail","hentry","category-brasil-mundo"],"_links":{"self":[{"href":"https:\/\/diarioregionaldigital.com.br\/index.php?rest_route=\/wp\/v2\/posts\/94819","targetHints":{"allow":["GET"]}}],"collection":[{"href":"https:\/\/diarioregionaldigital.com.br\/index.php?rest_route=\/wp\/v2\/posts"}],"about":[{"href":"https:\/\/diarioregionaldigital.com.br\/index.php?rest_route=\/wp\/v2\/types\/post"}],"author":[{"embeddable":true,"href":"https:\/\/diarioregionaldigital.com.br\/index.php?rest_route=\/wp\/v2\/users\/96"}],"replies":[{"embeddable":true,"href":"https:\/\/diarioregionaldigital.com.br\/index.php?rest_route=%2Fwp%2Fv2%2Fcomments&post=94819"}],"version-history":[{"count":0,"href":"https:\/\/diarioregionaldigital.com.br\/index.php?rest_route=\/wp\/v2\/posts\/94819\/revisions"}],"wp:featuredmedia":[{"embeddable":true,"href":"https:\/\/diarioregionaldigital.com.br\/index.php?rest_route=\/wp\/v2\/media\/94818"}],"wp:attachment":[{"href":"https:\/\/diarioregionaldigital.com.br\/index.php?rest_route=%2Fwp%2Fv2%2Fmedia&parent=94819"}],"wp:term":[{"taxonomy":"category","embeddable":true,"href":"https:\/\/diarioregionaldigital.com.br\/index.php?rest_route=%2Fwp%2Fv2%2Fcategories&post=94819"},{"taxonomy":"post_tag","embeddable":true,"href":"https:\/\/diarioregionaldigital.com.br\/index.php?rest_route=%2Fwp%2Fv2%2Ftags&post=94819"}],"curies":[{"name":"wp","href":"https:\/\/api.w.org\/{rel}","templated":true}]}}