{"id":94817,"date":"2018-03-28T22:27:54","date_gmt":"2018-03-29T01:27:54","guid":{"rendered":"http:\/\/diarioregionaljf.com.br\/2018\/03\/28\/diretor-do-dnit-sera-o-novo-ministro-dos-transportes\/"},"modified":"2018-03-28T22:27:54","modified_gmt":"2018-03-29T01:27:54","slug":"diretor-do-dnit-sera-o-novo-ministro-dos-transportes","status":"publish","type":"post","link":"https:\/\/diarioregionaldigital.com.br\/?p=94817","title":{"rendered":"Diretor do DNIT ser\u00e1 o novo ministro dos Transportes"},"content":{"rendered":"<p>Em reuni\u00e3o ocorrida hoje, 28, no Pal\u00e1cio do Planalto, foi definido o nome de Valter Casimiro Silveira, atual diretor-geral do Departamento Nacional de Infraestrutura de Transportes (DNIT), como substituto do ministro dos Transportes, Maur\u00edcio Quintella, que entregou hoje, 28, a carta de demiss\u00e3o ao presidente Michel Temer. Quintella pediu para que sua exonera\u00e7\u00e3o acontecesse somente amanh\u00e3 , 29, ap\u00f3s a cerim\u00f4nia de inaugura\u00e7\u00e3o do novo aeroporto de Vit\u00f3ria, no Esp\u00edrito Santo.<\/p>\n<p>O nome de Silveira foi uma indica\u00e7\u00e3o do PR. Tamb\u00e9m haver\u00e1 mudan\u00e7a na secretaria-executiva do minist\u00e9rio. O novo secret\u00e1rio ser\u00e1 Helbert Drummond, atual secret\u00e1rio de Pol\u00edtica e Integra\u00e7\u00e3o. Tanto Silveira quando Drummond estiveram reunidos com Temer na tarde de hoje, 28, no Pal\u00e1cio do Planalto, junto com Quintella e o deputado Jos\u00e9 Rocha (PR\/BA).<\/p>\n<p>O ministro teria que deixar o cargo at\u00e9 o dia 7 de abril, prazo definido para desincompatibiliza\u00e7\u00e3o de quem ocupa cargos p\u00fablicos para concorrer nas elei\u00e7\u00f5es de outubro. Ricardo Barros, da pasta da Sa\u00fade, e Paulo Rabello de Castro, presidente do Banco Nacional do Desenvolvimento (BNDES), oficializaram na ter\u00e7a-feira, 27, a sa\u00edda do governo, em respeito ao calend\u00e1rio eleitoral.<\/p>\n<h4>Outras sa\u00eddas<\/h4>\n<p>Outras sa\u00eddas de postos do governo federal s\u00e3o esperadas por causa das elei\u00e7\u00f5es. Dentre elas est\u00e1 o ministro do Turismo, Marx Beltr\u00e3o, que deixar\u00e1 o governo depois do feriado, assim como o ministro da Educa\u00e7\u00e3o, Mendon\u00e7a Filho, que sair\u00e1 dia 5 de abril. Os ministros do Desenvolvimento Social, Osmar Terra; de Minas e Energia, Fernando Coelho Filho; da Integra\u00e7\u00e3o Nacional, Helder Barbalho; e Esportes, Leonardo Picciani, tamb\u00e9m devem sair de suas pastas at\u00e9 7 de abril.<\/p>\n<hr \/>\n<p>&nbsp;Fonte: Ag\u00eancia Brasil<\/p>\n","protected":false},"excerpt":{"rendered":"<p>Em reuni\u00e3o ocorrida hoje, 28, no Pal\u00e1cio do Planalto, foi definido o nome de Valter Casimiro Silveira, atual diretor-geral do Departamento Nacional de Infraestrutura de Transportes (DNIT), como substituto do ministro dos Transportes, Maur\u00edcio Quintella, que entregou hoje, 28, a carta de demiss\u00e3o ao presidente Michel Temer. Quintella pediu para que sua exonera\u00e7\u00e3o acontecesse somente [&hellip;]<\/p>\n","protected":false},"author":96,"featured_media":94816,"comment_status":"closed","ping_status":"closed","sticky":false,"template":"","format":"standard","meta":{"footnotes":""},"categories":[254],"tags":[],"class_list":["post-94817","post","type-post","status-publish","format-standard","has-post-thumbnail","hentry","category-politica"],"_links":{"self":[{"href":"https:\/\/diarioregionaldigital.com.br\/index.php?rest_route=\/wp\/v2\/posts\/94817","targetHints":{"allow":["GET"]}}],"collection":[{"href":"https:\/\/diarioregionaldigital.com.br\/index.php?rest_route=\/wp\/v2\/posts"}],"about":[{"href":"https:\/\/diarioregionaldigital.com.br\/index.php?rest_route=\/wp\/v2\/types\/post"}],"author":[{"embeddable":true,"href":"https:\/\/diarioregionaldigital.com.br\/index.php?rest_route=\/wp\/v2\/users\/96"}],"replies":[{"embeddable":true,"href":"https:\/\/diarioregionaldigital.com.br\/index.php?rest_route=%2Fwp%2Fv2%2Fcomments&post=94817"}],"version-history":[{"count":0,"href":"https:\/\/diarioregionaldigital.com.br\/index.php?rest_route=\/wp\/v2\/posts\/94817\/revisions"}],"wp:featuredmedia":[{"embeddable":true,"href":"https:\/\/diarioregionaldigital.com.br\/index.php?rest_route=\/wp\/v2\/media\/94816"}],"wp:attachment":[{"href":"https:\/\/diarioregionaldigital.com.br\/index.php?rest_route=%2Fwp%2Fv2%2Fmedia&parent=94817"}],"wp:term":[{"taxonomy":"category","embeddable":true,"href":"https:\/\/diarioregionaldigital.com.br\/index.php?rest_route=%2Fwp%2Fv2%2Fcategories&post=94817"},{"taxonomy":"post_tag","embeddable":true,"href":"https:\/\/diarioregionaldigital.com.br\/index.php?rest_route=%2Fwp%2Fv2%2Ftags&post=94817"}],"curies":[{"name":"wp","href":"https:\/\/api.w.org\/{rel}","templated":true}]}}