{"id":94813,"date":"2018-03-28T22:23:03","date_gmt":"2018-03-29T01:23:03","guid":{"rendered":"http:\/\/diarioregionaljf.com.br\/2018\/03\/28\/cartorio-paula-lima-29-03-18\/"},"modified":"2018-08-13T20:32:35","modified_gmt":"2018-08-13T23:32:35","slug":"cartorio-paula-lima-29-03-18","status":"publish","type":"post","link":"https:\/\/diarioregionaldigital.com.br\/?p=94813","title":{"rendered":"Cart\u00f3rio Paula Lima 29\/03\/18"},"content":{"rendered":"<p class=\"h4\">Of\u00edcio do 4\u00b0 Registro Civil das Pessoas Naturais de Juiz de Fora<br \/>Oficial: Marco-Aur\u00e9lio Esteves Vasconcellos<br \/>Rua Sebasti\u00e3o Ribeiro de Novais, n\u00b0 20, loja 02, Paula Lima &#8211; Cep.: 36.103-000<br \/>Telefones: (32) 3266-9213 e (32) 9.9904-4642<\/p>\n<p>Faz saber que pretendem casar-se:<br \/>CLODOALDO ANTONIO DE ABREU, solteiro , Auxiliar de estoque e CASSIELE COSTA SILVA, solteira , Vendedora de com\u00e9rcio, residentes no(a) Rua Cel. Jos\u00e9 Henrique de Carvalho, 130, Paula Lima, Juiz de Fora &#8211; MG.<\/p>\n<p>Os contraentes apresentaram os documentos exigidos pelo art. 1525 do C\u00f3digo Civil Brasileiro. Se algu\u00e9m souber de algum impedimento, que os impe\u00e7am de se casar, acuse-o para os fins de direito.<\/p>\n<p>Juiz de Fora &#8211; MG, 26 de mar\u00e7o de 2018.<\/p>\n","protected":false},"excerpt":{"rendered":"<p>Of\u00edcio do 4\u00b0 Registro Civil das Pessoas Naturais de Juiz de ForaOficial: Marco-Aur\u00e9lio Esteves VasconcellosRua Sebasti\u00e3o Ribeiro de Novais, n\u00b0 20, loja 02, Paula Lima &#8211; Cep.: 36.103-000Telefones: (32) 3266-9213 e (32) 9.9904-4642 Faz saber que pretendem casar-se:CLODOALDO ANTONIO DE ABREU, solteiro , Auxiliar de estoque e CASSIELE COSTA SILVA, solteira , Vendedora de com\u00e9rcio, [&hellip;]<\/p>\n","protected":false},"author":96,"featured_media":0,"comment_status":"closed","ping_status":"closed","sticky":false,"template":"","format":"standard","meta":{"footnotes":""},"categories":[307],"tags":[],"class_list":["post-94813","post","type-post","status-publish","format-standard","hentry","category-editais"],"_links":{"self":[{"href":"https:\/\/diarioregionaldigital.com.br\/index.php?rest_route=\/wp\/v2\/posts\/94813","targetHints":{"allow":["GET"]}}],"collection":[{"href":"https:\/\/diarioregionaldigital.com.br\/index.php?rest_route=\/wp\/v2\/posts"}],"about":[{"href":"https:\/\/diarioregionaldigital.com.br\/index.php?rest_route=\/wp\/v2\/types\/post"}],"author":[{"embeddable":true,"href":"https:\/\/diarioregionaldigital.com.br\/index.php?rest_route=\/wp\/v2\/users\/96"}],"replies":[{"embeddable":true,"href":"https:\/\/diarioregionaldigital.com.br\/index.php?rest_route=%2Fwp%2Fv2%2Fcomments&post=94813"}],"version-history":[{"count":0,"href":"https:\/\/diarioregionaldigital.com.br\/index.php?rest_route=\/wp\/v2\/posts\/94813\/revisions"}],"wp:attachment":[{"href":"https:\/\/diarioregionaldigital.com.br\/index.php?rest_route=%2Fwp%2Fv2%2Fmedia&parent=94813"}],"wp:term":[{"taxonomy":"category","embeddable":true,"href":"https:\/\/diarioregionaldigital.com.br\/index.php?rest_route=%2Fwp%2Fv2%2Fcategories&post=94813"},{"taxonomy":"post_tag","embeddable":true,"href":"https:\/\/diarioregionaldigital.com.br\/index.php?rest_route=%2Fwp%2Fv2%2Ftags&post=94813"}],"curies":[{"name":"wp","href":"https:\/\/api.w.org\/{rel}","templated":true}]}}