{"id":94810,"date":"2018-03-28T22:21:52","date_gmt":"2018-03-29T01:21:52","guid":{"rendered":"http:\/\/diarioregionaljf.com.br\/2018\/03\/28\/cartorio-benfica-29-03-18\/"},"modified":"2018-08-13T20:32:35","modified_gmt":"2018-08-13T23:32:35","slug":"cartorio-benfica-29-03-18","status":"publish","type":"post","link":"https:\/\/diarioregionaldigital.com.br\/?p=94810","title":{"rendered":"Cart\u00f3rio Benfica 29\/03\/18"},"content":{"rendered":"<p class=\"h4\">REP\u00daBLICA FEDERATIVA DO BRASIL ESTADO DE MINAS GERAIS<\/p>\n<p class=\"h4\">Cart\u00f3rio de Registro Civil 3\u00ba Subdistrito &#8211; Juiz de Fora MG<br \/>Oficial Titular: Mariana Sad Albuquerque e Castro<\/p>\n<p class=\"h4\">Rua Tom\u00e9 de Souza, 49 &#8211; Lj 03 Benfica<br \/>36090270 &#8211; Juiz de Fora &#8211; MG<\/p>\n<p>Faz saber que pretendem casar-se:<br \/>01 &#8211; JAIME CARLOS NASCIMENTO DE FARIA, resid\u00eancia Rua Jair de Oliveira Pires, 255, S\u00e3o Judas Tadeu, Juiz de Fora-MG e NAYARA APARECIDA DA SILVA, resid\u00eancia Rua Doutor Jos\u00e9 Sabino Tostes, 65, S\u00e3o Dami\u00e3o II, Juiz de Fora-MG<\/p>\n<p>02 &#8211; JOEL JOS\u00c9 DOS SANTOS GALDINO, resid\u00eancia Rua Eduardo Fortini Toscano, n\u00ba 31, Igrejinha, Juiz de Fora-MG e STH\u00c9FANY LOUISE MACIEL DIAS DE SOUZA, resid\u00eancia Rua Eduardo Fortini Toscano, n\u00ba 31, Igrejinha, Juiz de Fora-MG<\/p>\n<p>03 &#8211; MARCO AUR\u00c9LIO DA SILVA, resid\u00eancia Rua Paulo Marques dos Reis, n\u00ba 141, Vila Esperan\u00e7a I, Juiz de Fora-MG e GENILDA BRACELOTTI MATHEUS, resid\u00eancia Rua Paulo Marques dos Reis, n\u00ba 141, Vila Esperan\u00e7a I, Juiz de Fora-MG;<\/p>\n<p>04 &#8211; PAULO MARCOS DE FRAN\u00c7A, resid\u00eancia Rua Arm\u00edlia Rezende de Almeida, 60, Recanto da Mata, Juiz de Fora-MG e MARLUCE APARECIDA DE ALMEIDA AMORIM, resid\u00eancia Rua Arm\u00edlia Rezende de Almeida, 60, Recanto da Mata, Juiz de Fora-MG.<\/p>\n<p>Os contraentes apresentaram os documentos exigidos pelo art.1525 do C\u00f3digo Civil Brasileiro. Se algu\u00e9m souber de algum impedimento, que os impe\u00e7am de se casar, que o fa\u00e7a na forma da Lei:<\/p>\n<p>Juiz de Fora , 28\/03\/2018<\/p>\n","protected":false},"excerpt":{"rendered":"<p>REP\u00daBLICA FEDERATIVA DO BRASIL ESTADO DE MINAS GERAIS Cart\u00f3rio de Registro Civil 3\u00ba Subdistrito &#8211; Juiz de Fora MGOficial Titular: Mariana Sad Albuquerque e Castro Rua Tom\u00e9 de Souza, 49 &#8211; Lj 03 Benfica36090270 &#8211; Juiz de Fora &#8211; MG Faz saber que pretendem casar-se:01 &#8211; JAIME CARLOS NASCIMENTO DE FARIA, resid\u00eancia Rua Jair de [&hellip;]<\/p>\n","protected":false},"author":96,"featured_media":0,"comment_status":"closed","ping_status":"closed","sticky":false,"template":"","format":"standard","meta":{"footnotes":""},"categories":[307],"tags":[],"class_list":["post-94810","post","type-post","status-publish","format-standard","hentry","category-editais"],"_links":{"self":[{"href":"https:\/\/diarioregionaldigital.com.br\/index.php?rest_route=\/wp\/v2\/posts\/94810","targetHints":{"allow":["GET"]}}],"collection":[{"href":"https:\/\/diarioregionaldigital.com.br\/index.php?rest_route=\/wp\/v2\/posts"}],"about":[{"href":"https:\/\/diarioregionaldigital.com.br\/index.php?rest_route=\/wp\/v2\/types\/post"}],"author":[{"embeddable":true,"href":"https:\/\/diarioregionaldigital.com.br\/index.php?rest_route=\/wp\/v2\/users\/96"}],"replies":[{"embeddable":true,"href":"https:\/\/diarioregionaldigital.com.br\/index.php?rest_route=%2Fwp%2Fv2%2Fcomments&post=94810"}],"version-history":[{"count":0,"href":"https:\/\/diarioregionaldigital.com.br\/index.php?rest_route=\/wp\/v2\/posts\/94810\/revisions"}],"wp:attachment":[{"href":"https:\/\/diarioregionaldigital.com.br\/index.php?rest_route=%2Fwp%2Fv2%2Fmedia&parent=94810"}],"wp:term":[{"taxonomy":"category","embeddable":true,"href":"https:\/\/diarioregionaldigital.com.br\/index.php?rest_route=%2Fwp%2Fv2%2Fcategories&post=94810"},{"taxonomy":"post_tag","embeddable":true,"href":"https:\/\/diarioregionaldigital.com.br\/index.php?rest_route=%2Fwp%2Fv2%2Ftags&post=94810"}],"curies":[{"name":"wp","href":"https:\/\/api.w.org\/{rel}","templated":true}]}}