{"id":94805,"date":"2018-03-28T22:15:09","date_gmt":"2018-03-29T01:15:09","guid":{"rendered":"http:\/\/diarioregionaljf.com.br\/2018\/03\/28\/adubos-marisa-convocacao-ago-29-03-18\/"},"modified":"2018-08-13T20:32:36","modified_gmt":"2018-08-13T23:32:36","slug":"adubos-marisa-convocacao-ago-29-03-18","status":"publish","type":"post","link":"https:\/\/diarioregionaldigital.com.br\/?p=94805","title":{"rendered":"Adubos Marisa Convoca\u00e7\u00e3o AGO 29\/03\/18"},"content":{"rendered":"<p style=\"text-align: center;\"><span class=\"h4\">EDITAL DE CONVOCA\u00c7\u00c3O<\/span><br \/>Ficam convocados os acionistas de ADUBOS MARISA S\/A IND\u00daSTRIA COM\u00c9RCIO E TRANSPORTES, CNPJ 25.330.028\/0001-18, para a ASSEMBL\u00c9IA GERAL ORDIN\u00c1RIA, a se realizar \u00e0s 14:00 horas do dia 17 de abril de 2018, na sua sede na Av. Dos Ex-Combatentes, 1130, Ub\u00e1-MG, para deliberarem sobre a seguinte ordem do dia: 1) Discuss\u00e3o e aprova\u00e7\u00e3o das contas da Diretoria ref. ao exerc\u00edcio findo em 31 de dezembro de 2017; 2) Fixa\u00e7\u00e3o dos honor\u00e1rios da Diretoria 3) Assuntos Gerais. Ub\u00e1, 28 de mar\u00e7o de 2018\u2013 Giovanni Emilio Marchi \u2013 Diretor Presidente.<\/p>\n","protected":false},"excerpt":{"rendered":"<p>EDITAL DE CONVOCA\u00c7\u00c3OFicam convocados os acionistas de ADUBOS MARISA S\/A IND\u00daSTRIA COM\u00c9RCIO E TRANSPORTES, CNPJ 25.330.028\/0001-18, para a ASSEMBL\u00c9IA GERAL ORDIN\u00c1RIA, a se realizar \u00e0s 14:00 horas do dia 17 de abril de 2018, na sua sede na Av. Dos Ex-Combatentes, 1130, Ub\u00e1-MG, para deliberarem sobre a seguinte ordem do dia: 1) Discuss\u00e3o e aprova\u00e7\u00e3o [&hellip;]<\/p>\n","protected":false},"author":96,"featured_media":0,"comment_status":"closed","ping_status":"closed","sticky":false,"template":"","format":"standard","meta":{"footnotes":""},"categories":[307],"tags":[],"class_list":["post-94805","post","type-post","status-publish","format-standard","hentry","category-editais"],"_links":{"self":[{"href":"https:\/\/diarioregionaldigital.com.br\/index.php?rest_route=\/wp\/v2\/posts\/94805","targetHints":{"allow":["GET"]}}],"collection":[{"href":"https:\/\/diarioregionaldigital.com.br\/index.php?rest_route=\/wp\/v2\/posts"}],"about":[{"href":"https:\/\/diarioregionaldigital.com.br\/index.php?rest_route=\/wp\/v2\/types\/post"}],"author":[{"embeddable":true,"href":"https:\/\/diarioregionaldigital.com.br\/index.php?rest_route=\/wp\/v2\/users\/96"}],"replies":[{"embeddable":true,"href":"https:\/\/diarioregionaldigital.com.br\/index.php?rest_route=%2Fwp%2Fv2%2Fcomments&post=94805"}],"version-history":[{"count":0,"href":"https:\/\/diarioregionaldigital.com.br\/index.php?rest_route=\/wp\/v2\/posts\/94805\/revisions"}],"wp:attachment":[{"href":"https:\/\/diarioregionaldigital.com.br\/index.php?rest_route=%2Fwp%2Fv2%2Fmedia&parent=94805"}],"wp:term":[{"taxonomy":"category","embeddable":true,"href":"https:\/\/diarioregionaldigital.com.br\/index.php?rest_route=%2Fwp%2Fv2%2Fcategories&post=94805"},{"taxonomy":"post_tag","embeddable":true,"href":"https:\/\/diarioregionaldigital.com.br\/index.php?rest_route=%2Fwp%2Fv2%2Ftags&post=94805"}],"curies":[{"name":"wp","href":"https:\/\/api.w.org\/{rel}","templated":true}]}}