{"id":94802,"date":"2018-03-28T22:13:10","date_gmt":"2018-03-29T01:13:10","guid":{"rendered":"http:\/\/diarioregionaljf.com.br\/2018\/03\/28\/final-de-semana-sera-de-tempo-seco-e-temperatura-mais-amena-em-juiz-de-fora-e-regiao-2\/"},"modified":"2018-03-28T22:13:10","modified_gmt":"2018-03-29T01:13:10","slug":"final-de-semana-sera-de-tempo-seco-e-temperatura-mais-amena-em-juiz-de-fora-e-regiao-2","status":"publish","type":"post","link":"https:\/\/diarioregionaldigital.com.br\/?p=94802","title":{"rendered":"Final de semana ser\u00e1 de tempo seco e temperatura mais amena em Juiz de Fora e regi\u00e3o"},"content":{"rendered":"<p>Desde a chegada do outono, no \u00faltimo dia 20, Juiz de Fora e regi\u00e3o j\u00e1 vivenciam algumas caracter\u00edsticas da esta\u00e7\u00e3o, como por exemplo, a queda gradual nas temperaturas. A informa\u00e7\u00e3o foi constatada pelo meteorologista do 5\u00ba Distrito do Instituto Nacional de Meteorologia (Inmet), Luiz Ladeia.<\/p>\n<p>Durante os pr\u00f3ximos dias, durante o feriado e do final de semana, o tempo seguir\u00e1 firme nas cidades da Zona da Mata. De acordo com Ladeia, \u201cuma massa de ar seco predomina sobre a regi\u00e3o, provocando quedas ligeiras de temperatura nas madrugadas, entretanto, mantendo as temperaturas mais elevadas durante o dia\u201d, esclarece.<\/p>\n<p>A perspectiva \u00e9 que o tempo siga firme, com c\u00e9u aberto a parcialmente nublado e sem previs\u00e3o para chuvas nos pr\u00f3ximos dias. No s\u00e1bado, 31, e domingo, 1\u00ba de abril, podem ser esperadas n\u00e9voas \u00famidas durante o come\u00e7o da manh\u00e3, mas que ao longo do dia dever\u00e3o se dissipar.<\/p>\n<p>As temperaturas na Zona da Mata podem variar entre m\u00ednimas de 15\u00b0C e m\u00e1ximas de 34\u00b0C. A umidade do ar chega a 90% pelas manh\u00e3s e no per\u00edodo da tarde caem para 45%.Em Juiz de Fora, mais especificamente, as temperaturas devem variar entre m\u00ednimas de 17\u00b0C e m\u00e1ximas de 26\u00b0C.<\/p>\n<h4>&nbsp;<\/h4>\n<h4>PR\u00d3XIMO M\u00caS<\/h4>\n<p>De acordo com Ladeia, para o m\u00eas de abril j\u00e1 podem ser aguardadas algumas chuvas pontuais. \u201cPrincipalmente a partir do dia 15 do pr\u00f3ximo m\u00eas, podem ser esperadas pancadas de chuva isoladas marcando a chegada de massas polares que provocar\u00e3o quedas na temperatura\u201d, explica.<\/p>\n<p>O meteorologista tamb\u00e9m destacou como outra caracter\u00edstica da esta\u00e7\u00e3o, j\u00e1 registrada pelo Inmet, a varia\u00e7\u00e3o na amplitude t\u00e9rmica. \u201cAt\u00e9 ent\u00e3o vinham sendo registradas temperaturas m\u00ednimas e m\u00e1ximas elevadas e mais pr\u00f3ximas. A partir de agora, essas m\u00e9dias come\u00e7am a se distanciar\u201d, conclui.<\/p>\n","protected":false},"excerpt":{"rendered":"<p>Desde a chegada do outono, no \u00faltimo dia 20, Juiz de Fora e regi\u00e3o j\u00e1 vivenciam algumas caracter\u00edsticas da esta\u00e7\u00e3o, como por exemplo, a queda gradual nas temperaturas. A informa\u00e7\u00e3o foi constatada pelo meteorologista do 5\u00ba Distrito do Instituto Nacional de Meteorologia (Inmet), Luiz Ladeia. Durante os pr\u00f3ximos dias, durante o feriado e do final [&hellip;]<\/p>\n","protected":false},"author":96,"featured_media":94801,"comment_status":"closed","ping_status":"closed","sticky":false,"template":"","format":"standard","meta":{"footnotes":""},"categories":[253],"tags":[],"class_list":["post-94802","post","type-post","status-publish","format-standard","has-post-thumbnail","hentry","category-cidade"],"_links":{"self":[{"href":"https:\/\/diarioregionaldigital.com.br\/index.php?rest_route=\/wp\/v2\/posts\/94802","targetHints":{"allow":["GET"]}}],"collection":[{"href":"https:\/\/diarioregionaldigital.com.br\/index.php?rest_route=\/wp\/v2\/posts"}],"about":[{"href":"https:\/\/diarioregionaldigital.com.br\/index.php?rest_route=\/wp\/v2\/types\/post"}],"author":[{"embeddable":true,"href":"https:\/\/diarioregionaldigital.com.br\/index.php?rest_route=\/wp\/v2\/users\/96"}],"replies":[{"embeddable":true,"href":"https:\/\/diarioregionaldigital.com.br\/index.php?rest_route=%2Fwp%2Fv2%2Fcomments&post=94802"}],"version-history":[{"count":0,"href":"https:\/\/diarioregionaldigital.com.br\/index.php?rest_route=\/wp\/v2\/posts\/94802\/revisions"}],"wp:featuredmedia":[{"embeddable":true,"href":"https:\/\/diarioregionaldigital.com.br\/index.php?rest_route=\/wp\/v2\/media\/94801"}],"wp:attachment":[{"href":"https:\/\/diarioregionaldigital.com.br\/index.php?rest_route=%2Fwp%2Fv2%2Fmedia&parent=94802"}],"wp:term":[{"taxonomy":"category","embeddable":true,"href":"https:\/\/diarioregionaldigital.com.br\/index.php?rest_route=%2Fwp%2Fv2%2Fcategories&post=94802"},{"taxonomy":"post_tag","embeddable":true,"href":"https:\/\/diarioregionaldigital.com.br\/index.php?rest_route=%2Fwp%2Fv2%2Ftags&post=94802"}],"curies":[{"name":"wp","href":"https:\/\/api.w.org\/{rel}","templated":true}]}}