{"id":94796,"date":"2018-03-28T22:06:49","date_gmt":"2018-03-29T01:06:49","guid":{"rendered":"http:\/\/diarioregionaljf.com.br\/2018\/03\/28\/pro-reitor-avalia-primeiros-meses-da-moradia-estudantil-na-ufjf\/"},"modified":"2018-03-28T22:06:49","modified_gmt":"2018-03-29T01:06:49","slug":"pro-reitor-avalia-primeiros-meses-da-moradia-estudantil-na-ufjf","status":"publish","type":"post","link":"https:\/\/diarioregionaldigital.com.br\/?p=94796","title":{"rendered":"Pr\u00f3-reitor avalia primeiros meses da Moradia Estudantil na UFJF"},"content":{"rendered":"<p>Parece que foi recente, mas j\u00e1 se passaram cerca de oito meses que 70 alunos da Universidade Federal de Juiz de Fora (UFJF) ocuparam o pr\u00e9dio da entidade destinado \u00e0 Moradia Estudantil, no bairro S\u00e3o Pedro, Cidade Alta. A primeira experi\u00eancia da UFJF com a viv\u00eancia coletiva entre os estudantes em suas depend\u00eancias \u00e9 marcada por dificuldades, desafios, mas, na avalia\u00e7\u00e3o do pr\u00f3-reitor de Assist\u00eancia Estudantil, Marcos Freitas, o saldo \u00e9 positivo.<\/p>\n<p>\u201cConsiderando uma moradia estudantil em que temos a jun\u00e7\u00e3o de estudantes de v\u00e1rios munic\u00edpios, a conviv\u00eancia durante esses meses foi muito positiva. Isso pode ser visto na forma a qual quest\u00f5es do dia a dia s\u00e3o resolvidas entre eles. No in\u00edcio, a maior dificuldade foi a organiza\u00e7\u00e3o do regime interno, que precisou de uma s\u00e9rie de reuni\u00f5es para ser montado, por\u00e9m, agora, est\u00e1 praticamente pronto. Com base nos relatos dos estudantes que afirmam que a morada atende a fun\u00e7\u00e3o primordial que \u00e9 garantir um teto, um espa\u00e7o de harmonia entre eles, tiramos conclus\u00f5es positivas\u201d, comenta.<\/p>\n<p>Atualmente, das 113 vagas ofertadas, 51 est\u00e3o ocupadas por alunos. Recentemente, a UFJF divulgou um edital disponibilizando 54 novas vagas, sendo 32 para o p\u00fablico feminino e 22 para o masculino. A sele\u00e7\u00e3o dos estudantes ser\u00e1 baseada na classifica\u00e7\u00e3o socioecon\u00f4mica do grupo familiar dos inscritos no edital, conforme avalia\u00e7\u00e3o socioecon\u00f4mica realizada pela Pr\u00f3-Reitoria de Assist\u00eancia Estudantil (Proae). O resultado final ser\u00e1 divulgado no dia 26 de abril.<\/p>\n<p>\u201cA expectativa e que em breve a moradia esteja toda ocupada. Estamos fazendo a ades\u00e3o dos estudantes de forma gradual, pois \u00e9 a primeira experi\u00eancia da UFJF. Mas, no decorrer dos anos, esperamos manter a ordem e o ambiente com essa finalidade, que \u00e9 ser um espa\u00e7o educativo que atenda \u00e0 conquista do movimento estudantil\u201d, afirma Freitas.<\/p>\n<p>Para permanecer nas vagas, os alunos precisam seguir o Regulamento Geral da habita\u00e7\u00e3o. O n\u00e3o cumprimento resulta em advert\u00eancia por escrito e, se houver reincid\u00eancia ou desobedi\u00eancia a artigos espec\u00edficos, na perda da vaga. \u201cExistem pr\u00e9-requisitos para ficar na moradia, como estar matriculado no semestre em ao menos 180 horas de aula, ter aproveitamento acima de 60%, n\u00e3o pode ter baixo rendimento durante tr\u00eas semestres consecutivos, sen\u00e3o perde a possibilidade de continuar na moradia, entre outros, que os alunos ficam cientes antes de entrar\u201d, ressalta o pr\u00f3-reitor.<\/p>\n<p>Segundo ele, para ajudar no cumprimento das determina\u00e7\u00f5es e na resolu\u00e7\u00e3o de alguns impasses, constantemente os residentes se re\u00fanem com a Proae. \u201cTemos um canal direito com os alunos. Eles possuem uma comiss\u00e3o que faz a ponte direta com a Pr\u00f3-Reitoria. Quest\u00f5es do dia a dia como um g\u00e1s que acabou e precisa ser reposto ou estrutural que precisa ser melhorada s\u00e3o resolvidas por l\u00e1. Desde a abertura da moradia a comiss\u00e3o tem feito contato\u201d, refor\u00e7a. \u201cParalelo a isso, temos desenvolvido atividades dentro da moradia. Por conta da entrada de novos estudantes, vamos potencializar ainda mais. S\u00e3o iniciativas no campo da psicologia, da pedagogia, assist\u00eancia social, para constituir um espa\u00e7o educativo e importante para criar v\u00ednculos e atender as demandas que n\u00e3o ficam no campo de apoio da bolsa aux\u00edlio\u201d, acrescenta Freitas.<\/p>\n<p>Se n\u00e3o fosse a moradia da UFJF, o estudante do curso de Ci\u00eancias Exatas, Evandro Vieira teria voltado para a sua cidade natal, Nova Friburgo, no estado do Rio de Janeiro. Proximidades com o Campus, localiza\u00e7\u00e3o privilegiada, perto de supermercados, lojas e infraestrutura que acomoda s\u00e3o alguns dos aspectos destacados por ele. \u201cOs quartos s\u00e3o espa\u00e7osos, arejados, a estrutura \u00e9 muito boa. O \u00fanico ponto ruim \u00e9 que n\u00e3o temos wi-fi. Essa \u00e9 uma demanda antiga do corpo de alunos que residem, por\u00e9m ainda n\u00e3o sabemos quando vai ser resolvido. N\u00e3o se trata de um luxo, mas uma necessidade, pois nenhum aluno estuda sem acesso \u00e0 internet\u201d, diz.<\/p>\n<p>Ele avalia o per\u00edodo em que est\u00e1 alocado na moradia. \u201c\u00c9 uma experi\u00eancia nova, n\u00e3o s\u00f3 pelo fato de morar sozinho, mas por residir em um espa\u00e7o que pertence \u00e0 UFJF, sem a necessidade de sair da faculdade. Entrei com a expectativa de conhecer pessoas, hist\u00f3rias, obter experi\u00eancia e viver em harmonia com todo mundo e tem valido \u00e0 pena. \u00c9 um modo de vida diferente do que estava acostumado\u201d, relata.<\/p>\n","protected":false},"excerpt":{"rendered":"<p>Parece que foi recente, mas j\u00e1 se passaram cerca de oito meses que 70 alunos da Universidade Federal de Juiz de Fora (UFJF) ocuparam o pr\u00e9dio da entidade destinado \u00e0 Moradia Estudantil, no bairro S\u00e3o Pedro, Cidade Alta. A primeira experi\u00eancia da UFJF com a viv\u00eancia coletiva entre os estudantes em suas depend\u00eancias \u00e9 marcada [&hellip;]<\/p>\n","protected":false},"author":96,"featured_media":0,"comment_status":"closed","ping_status":"closed","sticky":false,"template":"","format":"standard","meta":{"footnotes":""},"categories":[253],"tags":[],"class_list":["post-94796","post","type-post","status-publish","format-standard","hentry","category-cidade"],"_links":{"self":[{"href":"https:\/\/diarioregionaldigital.com.br\/index.php?rest_route=\/wp\/v2\/posts\/94796","targetHints":{"allow":["GET"]}}],"collection":[{"href":"https:\/\/diarioregionaldigital.com.br\/index.php?rest_route=\/wp\/v2\/posts"}],"about":[{"href":"https:\/\/diarioregionaldigital.com.br\/index.php?rest_route=\/wp\/v2\/types\/post"}],"author":[{"embeddable":true,"href":"https:\/\/diarioregionaldigital.com.br\/index.php?rest_route=\/wp\/v2\/users\/96"}],"replies":[{"embeddable":true,"href":"https:\/\/diarioregionaldigital.com.br\/index.php?rest_route=%2Fwp%2Fv2%2Fcomments&post=94796"}],"version-history":[{"count":0,"href":"https:\/\/diarioregionaldigital.com.br\/index.php?rest_route=\/wp\/v2\/posts\/94796\/revisions"}],"wp:attachment":[{"href":"https:\/\/diarioregionaldigital.com.br\/index.php?rest_route=%2Fwp%2Fv2%2Fmedia&parent=94796"}],"wp:term":[{"taxonomy":"category","embeddable":true,"href":"https:\/\/diarioregionaldigital.com.br\/index.php?rest_route=%2Fwp%2Fv2%2Fcategories&post=94796"},{"taxonomy":"post_tag","embeddable":true,"href":"https:\/\/diarioregionaldigital.com.br\/index.php?rest_route=%2Fwp%2Fv2%2Ftags&post=94796"}],"curies":[{"name":"wp","href":"https:\/\/api.w.org\/{rel}","templated":true}]}}