{"id":94793,"date":"2018-03-28T22:02:37","date_gmt":"2018-03-29T01:02:37","guid":{"rendered":"http:\/\/diarioregionaljf.com.br\/2018\/03\/28\/policia-civil-esclarece-caso-de-suspeito-de-abusar-de-sobrinha-de-8-anos\/"},"modified":"2018-03-28T22:02:37","modified_gmt":"2018-03-29T01:02:37","slug":"policia-civil-esclarece-caso-de-suspeito-de-abusar-de-sobrinha-de-8-anos","status":"publish","type":"post","link":"https:\/\/diarioregionaldigital.com.br\/?p=94793","title":{"rendered":"Pol\u00edcia Civil esclarece caso de  suspeito de abusar de sobrinha de 8 anos"},"content":{"rendered":"<p>A Pol\u00edcia Civil (PC), por meio da Delegacia Especializada de Atendimento \u00e0 Mulher (Deam), esclareceu na tarde dessa quarta-feira, 28, o caso de um homem de 51 anos, suspeito de ter abusado sexualmente de uma sobrinha de 8 anos. Ele havia sido preso pela Pol\u00edcia Militar (PM) na tarde de ter\u00e7a-feira, 27, na Pra\u00e7a da Esta\u00e7\u00e3o, no Centro da cidade, ap\u00f3s a m\u00e3e, de 27 anos e duas tias da crian\u00e7a, de 23 e 25 anos respectivamente, avistarem o homem e acionarem a PM.<\/p>\n<p>No domingo, 25, familiares da v\u00edtima j\u00e1 haviam registrado boletim de ocorr\u00eancia junto \u00e0 PM, sobre o ato praticado pelo homem, que chegou a abandonar a resid\u00eancia em que morava, ap\u00f3s ser indagado. \u201cUma das tias percebeu que o short da menina estava embolado. A sobrinha tamb\u00e9m se portava de uma maneira estranha, assim como o acusado, o que levantou ainda mais as suspeitas. A menina foi questionada e confessou que o tio tinha abusado dela e que essa n\u00e3o era a primeira vez, inclusive, quando ela tinha 5 anos de idade, a mesma a\u00e7\u00e3o teria acontecido\u201d, afirmou a delegada Ione Barbosa.<\/p>\n<p>A menina chegou a relatar alguns dos abusos sofridos, de acordo com Ione. \u201cEla chegava do col\u00e9gio e o homem a pedia para colocar saia ou vestido para facilitar a\u00e7\u00e3o. O suspeito tamb\u00e9m acariciou cariciar as n\u00e1degas e os seios da menina, mas, inicialmente, parece que n\u00e3o teve conjun\u00e7\u00e3o carnal\u201d, contou.<\/p>\n<p>Ainda segundo a delegada, a m\u00e3e e outras tr\u00eas tias da v\u00edtima tamb\u00e9m teriam sido abusadas pelo suspeito. \u201cDurante os depoimentos, elas confirmaram o abuso. Uma das tias n\u00f3s n\u00e3o conseguimos ouvir, pois a fam\u00edlia alega que ela est\u00e1 desaparecida. Mas j\u00e1 pedi aos investigadores para localizar a mulher e trazer ela at\u00e9 a delegacia para ser ouvida\u201d, disse.<\/p>\n<p>O homem segue preso no Ceresp. De acordo com Ione, ele vai ser indiciado pelos crimes de estupro de vulner\u00e1vel e atentado violento ao pudor. \u201cEle vai responder pelo que fez com a menina, e pelas outras mulheres da fam\u00edlia. Na \u00e9poca em que ocorreram os casos das tias e da m\u00e3e, a legisla\u00e7\u00e3o que vigorava enquadrava o crime como atentado violento ao pudor\u201d, ressaltou. No momento da entrevista, o homem estava audi\u00eania de Cust\u00f3dia. \u201cJ\u00e1 pedi a pris\u00e3o preventiva dele, pois entendemos que a soltura representa risco para as v\u00edtimas. Vamos investigar para saber se outras pessoas foram violentadas. O inqu\u00e9rito deve ser conclu\u00eddo dentro de uma semana\u201d, concluiu.<\/p>\n","protected":false},"excerpt":{"rendered":"<p>A Pol\u00edcia Civil (PC), por meio da Delegacia Especializada de Atendimento \u00e0 Mulher (Deam), esclareceu na tarde dessa quarta-feira, 28, o caso de um homem de 51 anos, suspeito de ter abusado sexualmente de uma sobrinha de 8 anos. Ele havia sido preso pela Pol\u00edcia Militar (PM) na tarde de ter\u00e7a-feira, 27, na Pra\u00e7a da [&hellip;]<\/p>\n","protected":false},"author":96,"featured_media":0,"comment_status":"closed","ping_status":"closed","sticky":false,"template":"","format":"standard","meta":{"footnotes":""},"categories":[253],"tags":[],"class_list":["post-94793","post","type-post","status-publish","format-standard","hentry","category-cidade"],"_links":{"self":[{"href":"https:\/\/diarioregionaldigital.com.br\/index.php?rest_route=\/wp\/v2\/posts\/94793","targetHints":{"allow":["GET"]}}],"collection":[{"href":"https:\/\/diarioregionaldigital.com.br\/index.php?rest_route=\/wp\/v2\/posts"}],"about":[{"href":"https:\/\/diarioregionaldigital.com.br\/index.php?rest_route=\/wp\/v2\/types\/post"}],"author":[{"embeddable":true,"href":"https:\/\/diarioregionaldigital.com.br\/index.php?rest_route=\/wp\/v2\/users\/96"}],"replies":[{"embeddable":true,"href":"https:\/\/diarioregionaldigital.com.br\/index.php?rest_route=%2Fwp%2Fv2%2Fcomments&post=94793"}],"version-history":[{"count":0,"href":"https:\/\/diarioregionaldigital.com.br\/index.php?rest_route=\/wp\/v2\/posts\/94793\/revisions"}],"wp:attachment":[{"href":"https:\/\/diarioregionaldigital.com.br\/index.php?rest_route=%2Fwp%2Fv2%2Fmedia&parent=94793"}],"wp:term":[{"taxonomy":"category","embeddable":true,"href":"https:\/\/diarioregionaldigital.com.br\/index.php?rest_route=%2Fwp%2Fv2%2Fcategories&post=94793"},{"taxonomy":"post_tag","embeddable":true,"href":"https:\/\/diarioregionaldigital.com.br\/index.php?rest_route=%2Fwp%2Fv2%2Ftags&post=94793"}],"curies":[{"name":"wp","href":"https:\/\/api.w.org\/{rel}","templated":true}]}}