{"id":94792,"date":"2018-03-28T22:01:57","date_gmt":"2018-03-29T01:01:57","guid":{"rendered":"http:\/\/diarioregionaljf.com.br\/2018\/03\/28\/previdencia-social-tem-deficit-de-14-5-bilhoes-em-fevereiro\/"},"modified":"2018-03-28T22:01:57","modified_gmt":"2018-03-29T01:01:57","slug":"previdencia-social-tem-deficit-de-14-5-bilhoes-em-fevereiro","status":"publish","type":"post","link":"https:\/\/diarioregionaldigital.com.br\/?p=94792","title":{"rendered":"Previd\u00eancia Social tem d\u00e9ficit de 14,5 bilh\u00f5es em fevereiro"},"content":{"rendered":"<p>Em fevereiro, o Regime Geral de Previd\u00eancia Social registrou d\u00e9ficit de R$14,5 bilh\u00f5es, um aumento de 4,9% em rela\u00e7\u00e3o ao mesmo m\u00eas do ano passado. A diferen\u00e7a \u00e9 resultado de uma arrecada\u00e7\u00e3o de R$29,9 bilh\u00f5es e despesa de R$44,4 bilh\u00f5es. Se comparada a fevereiro de 2017, a despesa teve aumento de 4% (R$1,7 bilh\u00e3o a mais) e a arrecada\u00e7\u00e3o, 3,5% (incremento de R$1 bilh\u00e3o).<\/p>\n<p>No acumulado do bimestre, o d\u00e9ficit da Previd\u00eancia chega a R$28,9 bilh\u00f5es \u2013 5,5% maior que no mesmo per\u00edodo do ano passado. A arrecada\u00e7\u00e3o soma R$58,9 bilh\u00f5es e a despesa, R$87,8 bilh\u00f5es.<\/p>\n<p>Os n\u00fameros est\u00e3o corrigidos pelo INPC. O valor do d\u00e9ficit leva em conta o pagamento de senten\u00e7as judiciais, a Compensa\u00e7\u00e3o Previdenci\u00e1ria (Comprev) entre o INSS e os Regimes Pr\u00f3prios de Previd\u00eancia Social (RPPS) de estados e munic\u00edpios, al\u00e9m das ren\u00fancias previdenci\u00e1rias (Simples Nacional, entidades filantr\u00f3picas, microempreendedor individual e exporta\u00e7\u00e3o da produ\u00e7\u00e3o rural).<\/p>\n<p>Urbano \u2013 Em fevereiro, a previd\u00eancia urbana teve d\u00e9ficit de R$5,6 bilh\u00f5es \u2013 o valor \u00e9 11,1% maior que no mesmo m\u00eas de 2017. A arrecada\u00e7\u00e3o registrou aumento de 3,1% em rela\u00e7\u00e3o a fevereiro do ano passado e os gastos com pagamento de benef\u00edcios cresceram 4,3% \u2013 passaram de R$33,5 bilh\u00f5es para R$34,9 bilh\u00f5es.<\/p>\n<p>Rural \u2013 O setor rural tamb\u00e9m apresentou d\u00e9ficit: R$8,8 bilh\u00f5es, resultado de uma arrecada\u00e7\u00e3o de R$686,4 milh\u00f5es e despesa com pagamento de benef\u00edcios de R$9,5 bilh\u00f5es. A arrecada\u00e7\u00e3o foi 25,4% maior do que a registrada em fevereiro do ano passado e a despesa com benef\u00edcios, 2,7% maior.<\/p>\n<p>Benef\u00edcios \u2013 Em fevereiro de 2018, a Previd\u00eancia Social pagou 34,5 milh\u00f5es de benef\u00edcios, sendo 29,8 milh\u00f5es previdenci\u00e1rios e acident\u00e1rios e, os demais, assistenciais. Houve eleva\u00e7\u00e3o de 2% em compara\u00e7\u00e3o com o mesmo m\u00eas de 2017. Os benef\u00edcios de aposentadoria somaram 20 milh\u00f5es. E as pens\u00f5es, 7,8 milh\u00f5es.<br \/>Valor m\u00e9dio real \u2013 O valor m\u00e9dio dos benef\u00edcios pagos pela Previd\u00eancia em fevereiro deste ano foi de R$1.270,40. Em rela\u00e7\u00e3o ao mesmo per\u00edodo de 2010, houve crescimento de 10,2%.<\/p>\n<p>A maior parte dos benef\u00edcios (67,2%) \u2013 inclu\u00eddos assistenciais \u2013 pagos, em fevereiro deste ano, tinha valor de at\u00e9 um sal\u00e1rio m\u00ednimo, contingente de 23,2 milh\u00f5es de benefici\u00e1rios diretos.<\/p>\n<hr \/>\n<p>&nbsp;Fonte: Ag\u00eancia Brasil&nbsp;<\/p>\n","protected":false},"excerpt":{"rendered":"<p>Em fevereiro, o Regime Geral de Previd\u00eancia Social registrou d\u00e9ficit de R$14,5 bilh\u00f5es, um aumento de 4,9% em rela\u00e7\u00e3o ao mesmo m\u00eas do ano passado. A diferen\u00e7a \u00e9 resultado de uma arrecada\u00e7\u00e3o de R$29,9 bilh\u00f5es e despesa de R$44,4 bilh\u00f5es. Se comparada a fevereiro de 2017, a despesa teve aumento de 4% (R$1,7 bilh\u00e3o a [&hellip;]<\/p>\n","protected":false},"author":96,"featured_media":94791,"comment_status":"closed","ping_status":"closed","sticky":false,"template":"","format":"standard","meta":{"footnotes":""},"categories":[261],"tags":[],"class_list":["post-94792","post","type-post","status-publish","format-standard","has-post-thumbnail","hentry","category-economia"],"_links":{"self":[{"href":"https:\/\/diarioregionaldigital.com.br\/index.php?rest_route=\/wp\/v2\/posts\/94792","targetHints":{"allow":["GET"]}}],"collection":[{"href":"https:\/\/diarioregionaldigital.com.br\/index.php?rest_route=\/wp\/v2\/posts"}],"about":[{"href":"https:\/\/diarioregionaldigital.com.br\/index.php?rest_route=\/wp\/v2\/types\/post"}],"author":[{"embeddable":true,"href":"https:\/\/diarioregionaldigital.com.br\/index.php?rest_route=\/wp\/v2\/users\/96"}],"replies":[{"embeddable":true,"href":"https:\/\/diarioregionaldigital.com.br\/index.php?rest_route=%2Fwp%2Fv2%2Fcomments&post=94792"}],"version-history":[{"count":0,"href":"https:\/\/diarioregionaldigital.com.br\/index.php?rest_route=\/wp\/v2\/posts\/94792\/revisions"}],"wp:featuredmedia":[{"embeddable":true,"href":"https:\/\/diarioregionaldigital.com.br\/index.php?rest_route=\/wp\/v2\/media\/94791"}],"wp:attachment":[{"href":"https:\/\/diarioregionaldigital.com.br\/index.php?rest_route=%2Fwp%2Fv2%2Fmedia&parent=94792"}],"wp:term":[{"taxonomy":"category","embeddable":true,"href":"https:\/\/diarioregionaldigital.com.br\/index.php?rest_route=%2Fwp%2Fv2%2Fcategories&post=94792"},{"taxonomy":"post_tag","embeddable":true,"href":"https:\/\/diarioregionaldigital.com.br\/index.php?rest_route=%2Fwp%2Fv2%2Ftags&post=94792"}],"curies":[{"name":"wp","href":"https:\/\/api.w.org\/{rel}","templated":true}]}}