{"id":94790,"date":"2018-03-28T22:00:03","date_gmt":"2018-03-29T01:00:03","guid":{"rendered":"http:\/\/diarioregionaljf.com.br\/2018\/03\/28\/coronel-aureo-junior-e-apresentado-como-pre-candidato-a-deputado-federal\/"},"modified":"2018-03-28T22:00:03","modified_gmt":"2018-03-29T01:00:03","slug":"coronel-aureo-junior-e-apresentado-como-pre-candidato-a-deputado-federal","status":"publish","type":"post","link":"https:\/\/diarioregionaldigital.com.br\/?p=94790","title":{"rendered":"Coronel Aureo Junior \u00e9 apresentado como pr\u00e9-candidato a deputado federal"},"content":{"rendered":"<p>Na \u00faltima sexta-feira, 23, o coronel Aureo Junior foi apresentado na C\u00e2mara Municipal de Juiz de Fora, como pr\u00e9-candidato ao cargo de deputado federal por Minas Gerais, pelo partido&nbsp;(PSL\/MG) para as elei\u00e7\u00f5es de 2018. O Evento foi mediado pelo coordenador da campanha de Jair Bolsonaro em Minas, o deputado federal Marcelo \u00c1lvaro Ant\u00f4nio (PSL\/MG), e sua equipe.<\/p>\n<p>Coronel Aureo Junior \u00e9 nacionalista, crist\u00e3o, defensor dos valores familiares. Combateu e ainda combate a corrup\u00e7\u00e3o que assola o Pa\u00eds, defende os ideais do saudoso Dr. En\u00e9as Carneiro e \u00e9 amigo de Jair Bolsonaro, desde o per\u00edodo de \u201cQuartel\u201d. O Coronel Aureo Junior \u00e9 morador de S\u00e3o Jo\u00e3o Nepomuceno, conhece afundo os problemas do munic\u00edpio e das demais cidades da Zona da Mata mineira e sul de Minas.<\/p>\n<h4>HIST\u00d3RICO<\/h4>\n<p>Ele galgou o mais alto Posto no Ex\u00e9rcito Brasileiro, de \u201ccoronel\u201d por merecimento devido a sua compet\u00eancia. Conhece as reais necessidades da popula\u00e7\u00e3o, seja na \u00e1rea de seguran\u00e7a p\u00fablica, educa\u00e7\u00e3o, sa\u00fade, social e tribut\u00e1ria, e sabe como enfrentar as mazelas prim\u00e1rias da sociedade.<\/p>\n<p>Administrador de empresas, educador, professor, escritor e comunicador de R\u00e1dio e TV vem conquistando os mineiros nas cidades que visita, com os seguintes atributos: simplicidade, verdade falada nos olhos, atitudes positivas e idoneidade \u00edmpar. No meio militar fez carreira brilhante, por seu comportamento diferenciado, vindo a ser agraciado com diversas condecora\u00e7\u00f5es e honrarias militares, entre elas, Medalha do Pacificador, Medalha de Ouro e Medalha da Vit\u00f3ria. O Coronel Aureo Junior \u00e9 conhecido como \u201co Coronel Amigo dos Pra\u00e7as\u201d, (Soldados, Cabos, Sargentos e Subtenentes). \u00c9 querido e respeitado por muitos \u201cGuerreiros\u201d da Seguran\u00e7a P\u00fablica. A Pol\u00edcia Militar de Minas Gerais, Pol\u00edcia Civil, Corpo de Bombeiros, Pol\u00edcia Federal e demais For\u00e7as Armadas admiram e nutrem grande amizade com o Coronel.<\/p>\n<p>&nbsp;<\/p>\n<h4>MEDALHA PACIFICADOR<\/h4>\n<p>O Coronel Aureo Junior jamais usou sua patente para oprimir um companheiro de farda, sempre preferiu usar da confian\u00e7a, respeito e profissionalismo. No evento realizado na \u00faltima sexta-feira, 23, no plen\u00e1rio da C\u00e2mara Municipal de Juiz de Fora, estavam presentes Pol\u00edticos da Zona da Mata mineira, vereadores juiz-foranos (Charlles Evangelista e Delegada Sheila), populares, dentre outros para prestigiar o an\u00fancio da pr\u00e9-candidatura do \u201cAmigo de Todos\u201d, Coronel Aureo Junior. Coragem, determina\u00e7\u00e3o, honestidade, compet\u00eancia, vontade e honra s\u00e3o virtudes para compor a fileira congressista do Pa\u00eds. Fortalecer a \u201cNova Bancada\u201d com valores \u00e9ticos e morais. Bem como, contribuir com a RENOVA\u00c7\u00c3O URGENTE e necess\u00e1ria da nossa pol\u00edtica em 2018.<\/p>\n<p>A pr\u00e9-candidatura do coronel Aureo Junior ser\u00e1 homologada e registrada junto ao TSE, na data prevista pelo \u00f3rg\u00e3o eleitoral. \u201cBrasil acima de tudo, Deus acima de todos\u201d e \u201cCompromisso com a verdade\u201d, s\u00e3o seus lemas; \u201cOrdem e Progresso\u201d seu maior projeto; \u201cA Bandeira Nacional\u201d sua vida! Minas Gerais, novos rumos, DESENVOLVIMENTO e VERDADE sempre!<\/p>\n<p><img loading=\"lazy\" decoding=\"async\" class=\" size-full wp-image-94789\" src=\"http:\/\/diarioregionaljf.com.br\/wp-content\/uploads\/2018\/03\/diario-int-25511-1.jpg\" alt=\"coronel.jpg\" width=\"567\" height=\"309\" style=\"display: block; margin-left: auto; margin-right: auto;\" \/><\/p>\n<p style=\"text-align: center;\"><strong>Coronel Aureo Junior sendo condecorado com a Medalha&nbsp; do Pacificador<\/strong><\/p>\n<hr \/>\n<p>Fonte: S\u00e9rgio Lopes<\/p>\n","protected":false},"excerpt":{"rendered":"<p>Na \u00faltima sexta-feira, 23, o coronel Aureo Junior foi apresentado na C\u00e2mara Municipal de Juiz de Fora, como pr\u00e9-candidato ao cargo de deputado federal por Minas Gerais, pelo partido&nbsp;(PSL\/MG) para as elei\u00e7\u00f5es de 2018. O Evento foi mediado pelo coordenador da campanha de Jair Bolsonaro em Minas, o deputado federal Marcelo \u00c1lvaro Ant\u00f4nio (PSL\/MG), e [&hellip;]<\/p>\n","protected":false},"author":96,"featured_media":94788,"comment_status":"closed","ping_status":"closed","sticky":false,"template":"","format":"standard","meta":{"footnotes":""},"categories":[254],"tags":[],"class_list":["post-94790","post","type-post","status-publish","format-standard","has-post-thumbnail","hentry","category-politica"],"_links":{"self":[{"href":"https:\/\/diarioregionaldigital.com.br\/index.php?rest_route=\/wp\/v2\/posts\/94790","targetHints":{"allow":["GET"]}}],"collection":[{"href":"https:\/\/diarioregionaldigital.com.br\/index.php?rest_route=\/wp\/v2\/posts"}],"about":[{"href":"https:\/\/diarioregionaldigital.com.br\/index.php?rest_route=\/wp\/v2\/types\/post"}],"author":[{"embeddable":true,"href":"https:\/\/diarioregionaldigital.com.br\/index.php?rest_route=\/wp\/v2\/users\/96"}],"replies":[{"embeddable":true,"href":"https:\/\/diarioregionaldigital.com.br\/index.php?rest_route=%2Fwp%2Fv2%2Fcomments&post=94790"}],"version-history":[{"count":0,"href":"https:\/\/diarioregionaldigital.com.br\/index.php?rest_route=\/wp\/v2\/posts\/94790\/revisions"}],"wp:featuredmedia":[{"embeddable":true,"href":"https:\/\/diarioregionaldigital.com.br\/index.php?rest_route=\/wp\/v2\/media\/94788"}],"wp:attachment":[{"href":"https:\/\/diarioregionaldigital.com.br\/index.php?rest_route=%2Fwp%2Fv2%2Fmedia&parent=94790"}],"wp:term":[{"taxonomy":"category","embeddable":true,"href":"https:\/\/diarioregionaldigital.com.br\/index.php?rest_route=%2Fwp%2Fv2%2Fcategories&post=94790"},{"taxonomy":"post_tag","embeddable":true,"href":"https:\/\/diarioregionaldigital.com.br\/index.php?rest_route=%2Fwp%2Fv2%2Ftags&post=94790"}],"curies":[{"name":"wp","href":"https:\/\/api.w.org\/{rel}","templated":true}]}}