{"id":94772,"date":"2018-03-28T19:13:53","date_gmt":"2018-03-28T22:13:53","guid":{"rendered":"http:\/\/diarioregionaljf.com.br\/2018\/03\/28\/hospital-joao-penido-vereadores-propoem-nova-planilha-e-reuniao-com-a-secretaria-de-saude-de-minas-gerais\/"},"modified":"2018-03-28T19:13:53","modified_gmt":"2018-03-28T22:13:53","slug":"hospital-joao-penido-vereadores-propoem-nova-planilha-e-reuniao-com-a-secretaria-de-saude-de-minas-gerais","status":"publish","type":"post","link":"https:\/\/diarioregionaldigital.com.br\/?p=94772","title":{"rendered":"Hospital Jo\u00e3o Penido: Vereadores prop\u00f5em nova planilha e reuni\u00e3o com a Secretaria de Sa\u00fade de Minas Gerais"},"content":{"rendered":"<p>Ap\u00f3s mais uma reuni\u00e3o com a dire\u00e7\u00e3o do Hospital Jo\u00e3o Penido, o vereador Mello Casal (PTB) subiu \u00e0 tribuna da C\u00e2mara para informar que vai elaborar uma nova planilha de custos para que a negocia\u00e7\u00e3o para reabertura do Hospital Jo\u00e3o Penido possa avan\u00e7ar. Os vereadores Vagner Oliveira (PSC), Andr\u00e9 Mariano (PSC) e Kennedy Ribeiro (MDB), al\u00e9m de um assessor do vereador J\u00falio Obama Jr. (PHS), tamb\u00e9m estiveram presentes na reuni\u00e3o que aconteceu na manh\u00e3 dessa ter\u00e7a-feira, 27.<\/p>\n<p>\u201cVamos elaborar uma planilha junto ao Conselho Municipal de Sa\u00fade para verificar a necessidade daquela comunidade. J\u00e1 que ningu\u00e9m sabe o valor necess\u00e1rio para a reabertura e o hospital n\u00e3o nos mostrar o valor necess\u00e1rio para reabrir, por isso, esta medida \u00e9 necess\u00e1ria\u201d, afirmou o vereador do PTB.<\/p>\n<p>O presidente da Comiss\u00e3o de Sa\u00fade, vereador Kennedy Ribeiro, disse que vai convocar uma reuni\u00e3o com a secretaria de Sa\u00fade para que se possa chegar a solu\u00e7\u00f5es alternativas para o atendimento da popula\u00e7\u00e3o da regi\u00e3o Nordeste enquanto o impasse em rela\u00e7\u00e3o ao hospital continuar.<\/p>\n<p>\u201cTudo existe um limite. O hospital n\u00e3o reabre e enquanto isso a popula\u00e7\u00e3o da regi\u00e3o est\u00e1 sendo prejudicada\u201d, afirmou o vereador Andr\u00e9 Mariano.<\/p>\n<p>O vereador J\u00falio Obama Jr. sugeriu \u00e0 bancada do Partido dos Trabalhadores que marque uma reuni\u00e3o com a Secretaria de Estado de Sa\u00fade de Minas Gerais (SES\/MG) para que o problema seja discutido. A sugest\u00e3o foi prontamente atendida pelo vereador Wanderson Castelar (PT) que disse ser \u201cinteressante a media\u00e7\u00e3o da Secretaria de Sa\u00fade do Estado na negocia\u00e7\u00e3o\u201d.<\/p>\n<h4>&nbsp;<\/h4>\n<h4>AMBUL\u00c2NCIA DO SAMU<\/h4>\n<p>Na reuni\u00e3o com a dire\u00e7\u00e3o do Hospital Jo\u00e3o Penido, o vereador Vagner Ribeiro (PSC) mediou uma reivindica\u00e7\u00e3o do vereador Marlon Siqueira (MDB) para que uma ambul\u00e2ncia do Servi\u00e7os de Atendimento M\u00f3vel de Urg\u00eancia possa utilizar a garagem do Hospital Jo\u00e3o Penido. O objetivo \u00e9 diminuir o tempo de deslocamento da ambul\u00e2ncia em atendimentos aos bairros pr\u00f3ximos do hospital.<\/p>\n<p>Os vereadores informaram que a dire\u00e7\u00e3o do hospital ainda n\u00e3o permitiu a utiliza\u00e7\u00e3o de suas depend\u00eancias, mas que a resposta inicial foi positiva.<\/p>\n<p>Fonte: Assessoria<\/p>\n","protected":false},"excerpt":{"rendered":"<p>Ap\u00f3s mais uma reuni\u00e3o com a dire\u00e7\u00e3o do Hospital Jo\u00e3o Penido, o vereador Mello Casal (PTB) subiu \u00e0 tribuna da C\u00e2mara para informar que vai elaborar uma nova planilha de custos para que a negocia\u00e7\u00e3o para reabertura do Hospital Jo\u00e3o Penido possa avan\u00e7ar. Os vereadores Vagner Oliveira (PSC), Andr\u00e9 Mariano (PSC) e Kennedy Ribeiro (MDB), [&hellip;]<\/p>\n","protected":false},"author":96,"featured_media":94771,"comment_status":"closed","ping_status":"closed","sticky":false,"template":"","format":"standard","meta":{"footnotes":""},"categories":[254],"tags":[],"class_list":["post-94772","post","type-post","status-publish","format-standard","has-post-thumbnail","hentry","category-politica"],"_links":{"self":[{"href":"https:\/\/diarioregionaldigital.com.br\/index.php?rest_route=\/wp\/v2\/posts\/94772","targetHints":{"allow":["GET"]}}],"collection":[{"href":"https:\/\/diarioregionaldigital.com.br\/index.php?rest_route=\/wp\/v2\/posts"}],"about":[{"href":"https:\/\/diarioregionaldigital.com.br\/index.php?rest_route=\/wp\/v2\/types\/post"}],"author":[{"embeddable":true,"href":"https:\/\/diarioregionaldigital.com.br\/index.php?rest_route=\/wp\/v2\/users\/96"}],"replies":[{"embeddable":true,"href":"https:\/\/diarioregionaldigital.com.br\/index.php?rest_route=%2Fwp%2Fv2%2Fcomments&post=94772"}],"version-history":[{"count":0,"href":"https:\/\/diarioregionaldigital.com.br\/index.php?rest_route=\/wp\/v2\/posts\/94772\/revisions"}],"wp:featuredmedia":[{"embeddable":true,"href":"https:\/\/diarioregionaldigital.com.br\/index.php?rest_route=\/wp\/v2\/media\/94771"}],"wp:attachment":[{"href":"https:\/\/diarioregionaldigital.com.br\/index.php?rest_route=%2Fwp%2Fv2%2Fmedia&parent=94772"}],"wp:term":[{"taxonomy":"category","embeddable":true,"href":"https:\/\/diarioregionaldigital.com.br\/index.php?rest_route=%2Fwp%2Fv2%2Fcategories&post=94772"},{"taxonomy":"post_tag","embeddable":true,"href":"https:\/\/diarioregionaldigital.com.br\/index.php?rest_route=%2Fwp%2Fv2%2Ftags&post=94772"}],"curies":[{"name":"wp","href":"https:\/\/api.w.org\/{rel}","templated":true}]}}