{"id":94770,"date":"2018-03-28T18:44:05","date_gmt":"2018-03-28T21:44:05","guid":{"rendered":"http:\/\/diarioregionaljf.com.br\/2018\/03\/28\/semana-santa-veja-os-servicos-da-pjf-que-funcionarao-durante-o-feriado\/"},"modified":"2018-03-28T18:44:05","modified_gmt":"2018-03-28T21:44:05","slug":"semana-santa-veja-os-servicos-da-pjf-que-funcionarao-durante-o-feriado","status":"publish","type":"post","link":"https:\/\/diarioregionaldigital.com.br\/?p=94770","title":{"rendered":"Semana Santa &#8211; Veja os servi\u00e7os da PJF que funcionar\u00e3o durante o feriado"},"content":{"rendered":"<p>Em virtude do feriado da Semana Santa, n\u00e3o haver\u00e1 expediente nos \u00f3rg\u00e3os da Prefeitura de Juiz de Fora (PJF), nesta quinta (ponto facultativo) e sexta-feira, 29 e 30, com exce\u00e7\u00e3o de alguns servi\u00e7os, que ser\u00e3o mantidos.<\/p>\n<h4>CONFIRA ABAIXO:<\/h4>\n<p><strong>Parque da Lajinha:<\/strong> funcionar\u00e1 normalmente, das 8h \u00e0s 17h.<\/p>\n<p><strong>Funalfa:<\/strong> o Centro de Esportes Unificado (CEU) funcionar\u00e1 quinta e sexta-feira, das 11h \u00e0s 20h. No final de semana, hor\u00e1rio normal de funcionamento. A sede, o Centro Cultural \u201cBernardo Mascarenhas\u201d, as bibliotecas \u201cMurilo Mendes\u201d e \u201cDelfina Fonseca Lima\u201d e o Museu Ferrovi\u00e1rio n\u00e3o funcionar\u00e3o, voltando \u00e0s atividades na segunda-feira, 2.<\/p>\n<p><strong>Cesama:<\/strong> funcionar\u00e1 em esquema de plant\u00e3o, atendendo pelo telefone 115.<\/p>\n<p><strong>Defesa Civil:<\/strong> funcionar\u00e1 em esquema de plant\u00e3o, atendendo pelo telefone 199.<\/p>\n<p><strong>Espa\u00e7o Cidad\u00e3o:<\/strong> n\u00e3o funcionar\u00e1 na quinta e sexta-feira, retomando o atendimento na segunda-feira, 2.<\/p>\n<p><strong>Demlurb:<\/strong> o setor administrativo entrar\u00e1 em recesso na quinta-feira, 29, voltando \u00e0s atividades na segunda-feira, 2. J\u00e1 a coleta de lixo e os servi\u00e7os de capina s\u00f3 n\u00e3o funcionar\u00e3o na sexta-feira, 30. Os servi\u00e7os voltam a funcionar normalmente no s\u00e1bado, 31.<\/p>\n<p><strong>Feiras livres:<\/strong> n\u00e3o haver\u00e1 feiras na sexta-feira. Nos demais dias, funcionamento normal.<\/p>\n<p><strong>Restaurante Popular:<\/strong> as duas unidades (Centro e Bairro Benfica) n\u00e3o funcionar\u00e3o na sexta.&nbsp;Retomam suas atividades normais na segunda, 2.<\/p>\n<p><strong>Guarda Municipal (GM):<\/strong> funcionar\u00e3o normalmente a Central 153, as rondas motorizadas, a Supervis\u00e3o Operacional e o posto no Hospital de Pronto Socorro (HPS). No s\u00e1bado, 31, a GM atuar\u00e1 apoiando a fiscaliza\u00e7\u00e3o de posturas, devido \u00e0s vendas de P\u00e1scoa.<\/p>\n<p><strong>Sa\u00fade:<\/strong> as unidades de Urg\u00eancia e Emerg\u00eancia funcionar\u00e3o em regime de plant\u00e3o. Haver\u00e1 expediente normal nas unidades de Pronto Atendimento (UPAs) dos bairros S\u00e3o Pedro, Santa Luzia e Benfica, e de Urg\u00eancia e Emerg\u00eancia (Regional Leste); no Pronto Atendimento Infantil (PAI); no Servi\u00e7o de Atendimento M\u00f3vel de Sa\u00fade (Samu); e no Hospital Pronto Socorro (HPS). As unidades b\u00e1sicas de sa\u00fade (UBSs), Farm\u00e1cia Central e os departamentos da Crian\u00e7a e do Adolescente, Idoso e Mulher retomam as atividades na segunda-feira, 2.<\/p>\n<p><strong>Assist\u00eancia Social:<\/strong> Os servi\u00e7os de popula\u00e7\u00e3o de rua funcionar\u00e3o normalmente, com exce\u00e7\u00e3o do Centro Pop, que servir\u00e1 apenas alimenta\u00e7\u00e3o e realizar\u00e1 encaminhamento para outros servi\u00e7os. Os conselhos tutelares atender\u00e3o em esquema de plant\u00e3o, pelos telefones: Sul\/Oeste \u2013 9939-9073;&nbsp;Centro\/Norte \u2013 9939-8073; Leste \u2013 9939-9373.<\/p>\n<p>O servi\u00e7o de abordagem tamb\u00e9m funcionar\u00e1 das 7h \u00e0s 19h. Conselho Tutelar funciona em esquema de plant\u00e3o, Servi\u00e7o de Abordagem Social funciona normalmente, assim como as casas de acolhimento. Os centros de Refer\u00eancia de Assist\u00eancia Social (Cras) e Especializado de Assist\u00eancia Social (Creas) e servi\u00e7os de conviv\u00eancia voltam a funcionar na segunda-feira.<\/p>\n<p>Fonte: Assessoria<\/p>\n","protected":false},"excerpt":{"rendered":"<p>Em virtude do feriado da Semana Santa, n\u00e3o haver\u00e1 expediente nos \u00f3rg\u00e3os da Prefeitura de Juiz de Fora (PJF), nesta quinta (ponto facultativo) e sexta-feira, 29 e 30, com exce\u00e7\u00e3o de alguns servi\u00e7os, que ser\u00e3o mantidos. CONFIRA ABAIXO: Parque da Lajinha: funcionar\u00e1 normalmente, das 8h \u00e0s 17h. Funalfa: o Centro de Esportes Unificado (CEU) funcionar\u00e1 [&hellip;]<\/p>\n","protected":false},"author":96,"featured_media":94769,"comment_status":"closed","ping_status":"closed","sticky":false,"template":"","format":"standard","meta":{"footnotes":""},"categories":[253],"tags":[],"class_list":["post-94770","post","type-post","status-publish","format-standard","has-post-thumbnail","hentry","category-cidade"],"_links":{"self":[{"href":"https:\/\/diarioregionaldigital.com.br\/index.php?rest_route=\/wp\/v2\/posts\/94770","targetHints":{"allow":["GET"]}}],"collection":[{"href":"https:\/\/diarioregionaldigital.com.br\/index.php?rest_route=\/wp\/v2\/posts"}],"about":[{"href":"https:\/\/diarioregionaldigital.com.br\/index.php?rest_route=\/wp\/v2\/types\/post"}],"author":[{"embeddable":true,"href":"https:\/\/diarioregionaldigital.com.br\/index.php?rest_route=\/wp\/v2\/users\/96"}],"replies":[{"embeddable":true,"href":"https:\/\/diarioregionaldigital.com.br\/index.php?rest_route=%2Fwp%2Fv2%2Fcomments&post=94770"}],"version-history":[{"count":0,"href":"https:\/\/diarioregionaldigital.com.br\/index.php?rest_route=\/wp\/v2\/posts\/94770\/revisions"}],"wp:featuredmedia":[{"embeddable":true,"href":"https:\/\/diarioregionaldigital.com.br\/index.php?rest_route=\/wp\/v2\/media\/94769"}],"wp:attachment":[{"href":"https:\/\/diarioregionaldigital.com.br\/index.php?rest_route=%2Fwp%2Fv2%2Fmedia&parent=94770"}],"wp:term":[{"taxonomy":"category","embeddable":true,"href":"https:\/\/diarioregionaldigital.com.br\/index.php?rest_route=%2Fwp%2Fv2%2Fcategories&post=94770"},{"taxonomy":"post_tag","embeddable":true,"href":"https:\/\/diarioregionaldigital.com.br\/index.php?rest_route=%2Fwp%2Fv2%2Ftags&post=94770"}],"curies":[{"name":"wp","href":"https:\/\/api.w.org\/{rel}","templated":true}]}}