{"id":94768,"date":"2018-03-28T18:32:23","date_gmt":"2018-03-28T21:32:23","guid":{"rendered":"http:\/\/diarioregionaljf.com.br\/2018\/03\/28\/funalfa-oferece-ultimas-vagas-para-visitas-guiadas-ao-teatro-paschoal-carlos-magno\/"},"modified":"2018-03-28T18:32:23","modified_gmt":"2018-03-28T21:32:23","slug":"funalfa-oferece-ultimas-vagas-para-visitas-guiadas-ao-teatro-paschoal-carlos-magno","status":"publish","type":"post","link":"https:\/\/diarioregionaldigital.com.br\/?p=94768","title":{"rendered":"Funalfa oferece \u00faltimas vagas para visitas guiadas ao Teatro Paschoal Carlos Magno"},"content":{"rendered":"<p>Dando sequ\u00eancia \u00e0s visitas guiadas ao rec\u00e9m-inaugurado Teatro Paschoal Carlos Magno, a Funalfa disponibiliza as \u00faltimas vagas para os grupos de quarta-feira, 28, \u00e0s 10h, e quinta-feira, 29, \u00e0s 14h. As visitas duram em torno de 40 minutos e s\u00e3o gratuitas. Para se inscrever, basta formalizar o pedido pelo e-mail paschoal.teatro@gmail.com, informando nome completo e telefone para contato.<\/p>\n<p>Entregue \u00e0 cidade no \u00faltimo dia 2 de mar\u00e7o, o Paschoal Carlos Magno est\u00e1 localizado na Rua Gilberto de Alencar, atr\u00e1s da Igreja de S\u00e3o Sebasti\u00e3o, no Centro. A casa de espet\u00e1culos, com 407 lugares, come\u00e7ou a ser constru\u00edda em 1981. Devido a uma s\u00e9rie de problemas, como a instabilidade do terreno e os custos elevados com a indeniza\u00e7\u00e3o de vizinhos cujos im\u00f3veis foram abalados, os trabalhos foram interrompidos, e a retomada aconteceu mais de 30 anos depois.<\/p>\n<p>Em 2018, quando a Funalfa completa 40 anos \u00e0 frente da gest\u00e3o cultural da cidade, o teatro municipal finalmente se tornou realidade, passando a funcionar como um centro propulsor e difusor de cultura. Sua conclus\u00e3o foi viabilizada por meio de parceria entre o munic\u00edpio e a Companhia de Desenvolvimento Econ\u00f4mico de Minas Gerais (Codemig).<\/p>\n<p>Fonte: Assessoria<\/p>\n","protected":false},"excerpt":{"rendered":"<p>Dando sequ\u00eancia \u00e0s visitas guiadas ao rec\u00e9m-inaugurado Teatro Paschoal Carlos Magno, a Funalfa disponibiliza as \u00faltimas vagas para os grupos de quarta-feira, 28, \u00e0s 10h, e quinta-feira, 29, \u00e0s 14h. As visitas duram em torno de 40 minutos e s\u00e3o gratuitas. Para se inscrever, basta formalizar o pedido pelo e-mail paschoal.teatro@gmail.com, informando nome completo e [&hellip;]<\/p>\n","protected":false},"author":96,"featured_media":94767,"comment_status":"closed","ping_status":"closed","sticky":false,"template":"","format":"standard","meta":{"footnotes":""},"categories":[256],"tags":[],"class_list":["post-94768","post","type-post","status-publish","format-standard","has-post-thumbnail","hentry","category-cultura"],"_links":{"self":[{"href":"https:\/\/diarioregionaldigital.com.br\/index.php?rest_route=\/wp\/v2\/posts\/94768","targetHints":{"allow":["GET"]}}],"collection":[{"href":"https:\/\/diarioregionaldigital.com.br\/index.php?rest_route=\/wp\/v2\/posts"}],"about":[{"href":"https:\/\/diarioregionaldigital.com.br\/index.php?rest_route=\/wp\/v2\/types\/post"}],"author":[{"embeddable":true,"href":"https:\/\/diarioregionaldigital.com.br\/index.php?rest_route=\/wp\/v2\/users\/96"}],"replies":[{"embeddable":true,"href":"https:\/\/diarioregionaldigital.com.br\/index.php?rest_route=%2Fwp%2Fv2%2Fcomments&post=94768"}],"version-history":[{"count":0,"href":"https:\/\/diarioregionaldigital.com.br\/index.php?rest_route=\/wp\/v2\/posts\/94768\/revisions"}],"wp:featuredmedia":[{"embeddable":true,"href":"https:\/\/diarioregionaldigital.com.br\/index.php?rest_route=\/wp\/v2\/media\/94767"}],"wp:attachment":[{"href":"https:\/\/diarioregionaldigital.com.br\/index.php?rest_route=%2Fwp%2Fv2%2Fmedia&parent=94768"}],"wp:term":[{"taxonomy":"category","embeddable":true,"href":"https:\/\/diarioregionaldigital.com.br\/index.php?rest_route=%2Fwp%2Fv2%2Fcategories&post=94768"},{"taxonomy":"post_tag","embeddable":true,"href":"https:\/\/diarioregionaldigital.com.br\/index.php?rest_route=%2Fwp%2Fv2%2Ftags&post=94768"}],"curies":[{"name":"wp","href":"https:\/\/api.w.org\/{rel}","templated":true}]}}