{"id":94766,"date":"2018-03-28T18:29:29","date_gmt":"2018-03-28T21:29:29","guid":{"rendered":"http:\/\/diarioregionaljf.com.br\/2018\/03\/28\/settra-altera-horario-e-itinerario-em-linhas-de-onibus\/"},"modified":"2018-03-28T18:29:29","modified_gmt":"2018-03-28T21:29:29","slug":"settra-altera-horario-e-itinerario-em-linhas-de-onibus","status":"publish","type":"post","link":"https:\/\/diarioregionaldigital.com.br\/?p=94766","title":{"rendered":"Settra altera hor\u00e1rio e itiner\u00e1rio em linhas de \u00f4nibus"},"content":{"rendered":"<p>A Secretaria de Transporte e Tr\u00e2nsito (Settra) da Prefeitura de Juiz de Fora (PJF) altera, a partir de domingo, 1\u00ba de abril, os hor\u00e1rios das linhas 213- Bandeirantes\/Ipiranga\/Arco \u00cdris e 218- Graminha. Tamb\u00e9m ser\u00e3o feitas modifica\u00e7\u00f5es de itiner\u00e1rio da 326 &#8211; Solidariedade\/Via Vila Ideal.<\/p>\n<p>Os novos hor\u00e1rios da linha 213 s\u00e3o v\u00e1lidos para domingos e feriados, enquanto as mudan\u00e7as relativas \u00e0 218 se referem aos dias \u00fateis. <a href=\"https:\/\/www.pjf.mg.gov.br\/noticias\/anexo\/horario_e_itinerario.pdf\">Em anexo<\/a>, \u00e9 poss\u00edvel ter acesso ao novo quadro de hor\u00e1rios deste \u00f4nibus.<\/p>\n<p>J\u00e1 a mudan\u00e7a de itiner\u00e1rio da 326 acontece somente no sentido Centro\/Bairro:&nbsp;Avenida Francisco Valadares, Rua Ant\u00f4nio Bitarelli, Rua Jacinto Marcelino, Rua Ant\u00f4nio Bitarelli, Rua Miracema, Rua Ant\u00f4nio Miranda.<\/p>\n<p>Fonte: Assessoria<\/p>\n","protected":false},"excerpt":{"rendered":"<p>A Secretaria de Transporte e Tr\u00e2nsito (Settra) da Prefeitura de Juiz de Fora (PJF) altera, a partir de domingo, 1\u00ba de abril, os hor\u00e1rios das linhas 213- Bandeirantes\/Ipiranga\/Arco \u00cdris e 218- Graminha. Tamb\u00e9m ser\u00e3o feitas modifica\u00e7\u00f5es de itiner\u00e1rio da 326 &#8211; Solidariedade\/Via Vila Ideal. Os novos hor\u00e1rios da linha 213 s\u00e3o v\u00e1lidos para domingos e [&hellip;]<\/p>\n","protected":false},"author":96,"featured_media":94765,"comment_status":"closed","ping_status":"closed","sticky":false,"template":"","format":"standard","meta":{"footnotes":""},"categories":[253],"tags":[],"class_list":["post-94766","post","type-post","status-publish","format-standard","has-post-thumbnail","hentry","category-cidade"],"_links":{"self":[{"href":"https:\/\/diarioregionaldigital.com.br\/index.php?rest_route=\/wp\/v2\/posts\/94766","targetHints":{"allow":["GET"]}}],"collection":[{"href":"https:\/\/diarioregionaldigital.com.br\/index.php?rest_route=\/wp\/v2\/posts"}],"about":[{"href":"https:\/\/diarioregionaldigital.com.br\/index.php?rest_route=\/wp\/v2\/types\/post"}],"author":[{"embeddable":true,"href":"https:\/\/diarioregionaldigital.com.br\/index.php?rest_route=\/wp\/v2\/users\/96"}],"replies":[{"embeddable":true,"href":"https:\/\/diarioregionaldigital.com.br\/index.php?rest_route=%2Fwp%2Fv2%2Fcomments&post=94766"}],"version-history":[{"count":0,"href":"https:\/\/diarioregionaldigital.com.br\/index.php?rest_route=\/wp\/v2\/posts\/94766\/revisions"}],"wp:featuredmedia":[{"embeddable":true,"href":"https:\/\/diarioregionaldigital.com.br\/index.php?rest_route=\/wp\/v2\/media\/94765"}],"wp:attachment":[{"href":"https:\/\/diarioregionaldigital.com.br\/index.php?rest_route=%2Fwp%2Fv2%2Fmedia&parent=94766"}],"wp:term":[{"taxonomy":"category","embeddable":true,"href":"https:\/\/diarioregionaldigital.com.br\/index.php?rest_route=%2Fwp%2Fv2%2Fcategories&post=94766"},{"taxonomy":"post_tag","embeddable":true,"href":"https:\/\/diarioregionaldigital.com.br\/index.php?rest_route=%2Fwp%2Fv2%2Ftags&post=94766"}],"curies":[{"name":"wp","href":"https:\/\/api.w.org\/{rel}","templated":true}]}}