{"id":94764,"date":"2018-03-28T18:20:27","date_gmt":"2018-03-28T21:20:27","guid":{"rendered":"http:\/\/diarioregionaljf.com.br\/2018\/03\/28\/estado-entrega-novos-leitos-de-uti-em-barbacena-e-sao-joao-del-rei\/"},"modified":"2018-03-28T18:20:27","modified_gmt":"2018-03-28T21:20:27","slug":"estado-entrega-novos-leitos-de-uti-em-barbacena-e-sao-joao-del-rei","status":"publish","type":"post","link":"https:\/\/diarioregionaldigital.com.br\/?p=94764","title":{"rendered":"Estado entrega novos leitos de UTI em Barbacena e S\u00e3o Jo\u00e3o del-Rei"},"content":{"rendered":"<p>Buscando o fortalecimento t\u00e9cnico operacional e atendimento aos usu\u00e1rios do Sistema \u00danico de Sa\u00fade (SUS-MG), foram inaugurados 11 leitos de UTI na Regi\u00e3o Ampliada de Sa\u00fade Centro-Sul. Desses, sete no Hospital Ibiapaba\/Cebams, em Barbacena, e quatro leitos no Hospital Nossa Senhora das Merc\u00eas em S\u00e3o Jo\u00e3o del-Rei. Eles est\u00e3o sendo custeados pelo Governo do Estado de Minas Gerais at\u00e9 que sejam habilitados pelo Minist\u00e9rio da Sa\u00fade.<\/p>\n<p>Em Barbacena tamb\u00e9m foi inaugurada a obra da Unidade Intensiva no Hospital Ibiapaba\/Cebams, que abrange os sete leitos que ser\u00e3o implementados de imediato e ainda conta com a capacidade para amplia\u00e7\u00e3o de at\u00e9 15 leitos.<\/p>\n<p>Na ocasi\u00e3o, o subsecret\u00e1rio de Pol\u00edticas e A\u00e7\u00f5es de Sa\u00fade da Secretaria de Estado de Sa\u00fade de Minas Gerais (SES-MG), Homero Filho, e demais convidados tamb\u00e9m visitaram a obra que abrigar\u00e1 as futuras instala\u00e7\u00f5es do Centro de Atendimento Multiprofissional aos Portadores de C\u00e2ncer de Barbacena e regi\u00e3o, cuja constru\u00e7\u00e3o \u00e9 anexa ao terreno do Hospital Ibiapaba\/Cebams.<\/p>\n<p>O Hospital Ibiapaba\/Cebams de Barbacena \u00e9 refer\u00eancia em Alta Complexidade Cardiol\u00f3gica Intervencionista, Cirurgias Card\u00edacas e Vasculares e tamb\u00e9m na Oncologia e Cirurgia Oncol\u00f3gica, atendendo diariamente pacientes encaminhados de toda macrorregi\u00e3o Centro-Sul.<\/p>\n<p>O Hospital Nossa Senhora das Merc\u00eas \u00e9 refer\u00eancia regional na Rede Resposta Hospitalar \u00e0s Urg\u00eancias e Emerg\u00eancias e atua com servi\u00e7os diagn\u00f3sticos, cirurgias, hemoterapia, transplantes e estabiliza\u00e7\u00e3o de pacientes em estado grave e cr\u00edtico.<\/p>\n<p>Representando o governador Fernando Pimentel e o secret\u00e1rio de Estado de Sa\u00fade Nalton da Cruz, o subsecret\u00e1rio Homero Filho destacou a sensibilidade dos mesmos para o atendimento da demanda da regi\u00e3o e enfatizou a import\u00e2ncia da entrega dos leitos para a popula\u00e7\u00e3o da regi\u00e3o.<\/p>\n<p>\u201cApesar da dificuldade financeira que o estado passa, estamos promovendo a implanta\u00e7\u00e3o e financiamento desses leitos at\u00e9 que o Minist\u00e9rio da Sa\u00fade habilite. Importante dizer que isso vai representar uma soma de cerca de R$2 milh\u00f5es por ano at\u00e9 que o minist\u00e9rio habilite. E s\u00e3o leitos aqui em Barbacena e tamb\u00e9m em S\u00e3o Jo\u00e3o Del Rei para atender toda a demanda da Centro-Sul, o que mostra a sensibilidade do Estado para atender a regi\u00e3o que, desde 2005, n\u00e3o havia recebido nenhuma inaugura\u00e7\u00e3o leito SUS. Ent\u00e3o para n\u00f3s \u00e9 muito importante trazer o resultado do nosso esfor\u00e7o\u201d, afirmou o subsecret\u00e1rio.<\/p>\n<p>Homero Filho destacou, ainda, o empenho do Estado na resolutividade dos problemas na sa\u00fade, mesmo com a crise financeira. \u201cA despeito da crise e das dificuldades que temos passado, o Estado olha para aquilo que precisa ser investido de maneira mais estrat\u00e9gica. Toda a comunidade aqui de Barbacena e regi\u00e3o est\u00e1 de parab\u00e9ns por essa conquista, porque sei que assim a gente diminui o d\u00e9ficit de leitos de CTI da regi\u00e3o e atende de maneira geral \u00e0 popula\u00e7\u00e3o\u201d, disse.<\/p>\n<p>De acordo com o superintendente Regional de Sa\u00fade de Barbacena, Robson Vidigal, esse foi um importante ganho para a regi\u00e3o: \u201cTodos os dias enfrentamos o desafio de garantir vagas para pacientes que necessitam de UTI. No SUS-F\u00e1cil, temos uma demanda m\u00e9dia di\u00e1ria de 16 pacientes todos os dias esperando uma vaga de CTI, ent\u00e3o ao conseguirmos esses 11 leitos, temos um grande al\u00edvio e a gratifica\u00e7\u00e3o em saber que poder\u00e3o oferecer uma melhor assist\u00eancia \u00e0 sa\u00fade de nossa popula\u00e7\u00e3o\u201d, explicou.<\/p>\n<p>Para a manuten\u00e7\u00e3o das UTIs, o Governo de Minas Gerais ir\u00e1 investir cerca de R$143 mil por m\u00eas, representando um valor anual de R$1,7 milh\u00e3o, at\u00e9 sair a habilita\u00e7\u00e3o por parte do Minist\u00e9rio da Sa\u00fade. A inaugura\u00e7\u00e3o representa um aumento na cobertura do atendimento, pois, desde 2005, n\u00e3o h\u00e1 expans\u00e3o de leitos na regi\u00e3o.<\/p>\n<p>Fonte: Ag\u00eancia Minas<\/p>\n","protected":false},"excerpt":{"rendered":"<p>Buscando o fortalecimento t\u00e9cnico operacional e atendimento aos usu\u00e1rios do Sistema \u00danico de Sa\u00fade (SUS-MG), foram inaugurados 11 leitos de UTI na Regi\u00e3o Ampliada de Sa\u00fade Centro-Sul. Desses, sete no Hospital Ibiapaba\/Cebams, em Barbacena, e quatro leitos no Hospital Nossa Senhora das Merc\u00eas em S\u00e3o Jo\u00e3o del-Rei. Eles est\u00e3o sendo custeados pelo Governo do Estado [&hellip;]<\/p>\n","protected":false},"author":96,"featured_media":94763,"comment_status":"closed","ping_status":"closed","sticky":false,"template":"","format":"standard","meta":{"footnotes":""},"categories":[252],"tags":[],"class_list":["post-94764","post","type-post","status-publish","format-standard","has-post-thumbnail","hentry","category-regiao"],"_links":{"self":[{"href":"https:\/\/diarioregionaldigital.com.br\/index.php?rest_route=\/wp\/v2\/posts\/94764","targetHints":{"allow":["GET"]}}],"collection":[{"href":"https:\/\/diarioregionaldigital.com.br\/index.php?rest_route=\/wp\/v2\/posts"}],"about":[{"href":"https:\/\/diarioregionaldigital.com.br\/index.php?rest_route=\/wp\/v2\/types\/post"}],"author":[{"embeddable":true,"href":"https:\/\/diarioregionaldigital.com.br\/index.php?rest_route=\/wp\/v2\/users\/96"}],"replies":[{"embeddable":true,"href":"https:\/\/diarioregionaldigital.com.br\/index.php?rest_route=%2Fwp%2Fv2%2Fcomments&post=94764"}],"version-history":[{"count":0,"href":"https:\/\/diarioregionaldigital.com.br\/index.php?rest_route=\/wp\/v2\/posts\/94764\/revisions"}],"wp:featuredmedia":[{"embeddable":true,"href":"https:\/\/diarioregionaldigital.com.br\/index.php?rest_route=\/wp\/v2\/media\/94763"}],"wp:attachment":[{"href":"https:\/\/diarioregionaldigital.com.br\/index.php?rest_route=%2Fwp%2Fv2%2Fmedia&parent=94764"}],"wp:term":[{"taxonomy":"category","embeddable":true,"href":"https:\/\/diarioregionaldigital.com.br\/index.php?rest_route=%2Fwp%2Fv2%2Fcategories&post=94764"},{"taxonomy":"post_tag","embeddable":true,"href":"https:\/\/diarioregionaldigital.com.br\/index.php?rest_route=%2Fwp%2Fv2%2Ftags&post=94764"}],"curies":[{"name":"wp","href":"https:\/\/api.w.org\/{rel}","templated":true}]}}