{"id":94760,"date":"2018-03-28T17:58:54","date_gmt":"2018-03-28T20:58:54","guid":{"rendered":"http:\/\/diarioregionaljf.com.br\/2018\/03\/28\/papa-nomeia-rubens-sevilha-bispo-de-bauru\/"},"modified":"2018-03-28T17:58:54","modified_gmt":"2018-03-28T20:58:54","slug":"papa-nomeia-rubens-sevilha-bispo-de-bauru","status":"publish","type":"post","link":"https:\/\/diarioregionaldigital.com.br\/?p=94760","title":{"rendered":"Papa nomeia Rubens Sevilha bispo de Bauru"},"content":{"rendered":"<p>O papa Francisco nomeou Rubens Sevilha bispo da diocese de Bauru (sul do Brasil), em substitui\u00e7\u00e3o a Caetano Ferrari, que apresentou sua ren\u00fancia, informou nessa quarta-feira, 28, a Santa S\u00e9 em um comunicado.<\/p>\n<p>Sevilha nasceu em 27 de setembro de 1959 em Taraba\u00ed, no estado de S\u00e3o Paulo e completou seus estudos de Filosofia na Faculdade de Filosofia de Nossa Senhora Medianeira em S\u00e3o Paulo e os de Teologia, na Faculdade Pont\u00edficia Teol\u00f3gica Teresianum em Roma.<\/p>\n<p>O bispo foi ordenado sacerdote em 19 de outubro de 1985 e desde ent\u00e3o desempenhou diversos cargos como vig\u00e1rio paroquial, professor de novi\u00e7os, superior do convento e p\u00e1roco de Santa Terezinha em S\u00e3o Paulo e conselheiro provincial da Prov\u00edncia Carmelitana S\u00e3o Jos\u00e9.<\/p>\n<p>Recebeu a ordena\u00e7\u00e3o episcopal em 18 de mar\u00e7o de 2012.<\/p>\n<p>Fonte: Ag\u00eancia Brasil<\/p>\n","protected":false},"excerpt":{"rendered":"<p>O papa Francisco nomeou Rubens Sevilha bispo da diocese de Bauru (sul do Brasil), em substitui\u00e7\u00e3o a Caetano Ferrari, que apresentou sua ren\u00fancia, informou nessa quarta-feira, 28, a Santa S\u00e9 em um comunicado. Sevilha nasceu em 27 de setembro de 1959 em Taraba\u00ed, no estado de S\u00e3o Paulo e completou seus estudos de Filosofia na [&hellip;]<\/p>\n","protected":false},"author":96,"featured_media":94759,"comment_status":"closed","ping_status":"closed","sticky":false,"template":"","format":"standard","meta":{"footnotes":""},"categories":[302],"tags":[],"class_list":["post-94760","post","type-post","status-publish","format-standard","has-post-thumbnail","hentry","category-brasil-mundo"],"_links":{"self":[{"href":"https:\/\/diarioregionaldigital.com.br\/index.php?rest_route=\/wp\/v2\/posts\/94760","targetHints":{"allow":["GET"]}}],"collection":[{"href":"https:\/\/diarioregionaldigital.com.br\/index.php?rest_route=\/wp\/v2\/posts"}],"about":[{"href":"https:\/\/diarioregionaldigital.com.br\/index.php?rest_route=\/wp\/v2\/types\/post"}],"author":[{"embeddable":true,"href":"https:\/\/diarioregionaldigital.com.br\/index.php?rest_route=\/wp\/v2\/users\/96"}],"replies":[{"embeddable":true,"href":"https:\/\/diarioregionaldigital.com.br\/index.php?rest_route=%2Fwp%2Fv2%2Fcomments&post=94760"}],"version-history":[{"count":0,"href":"https:\/\/diarioregionaldigital.com.br\/index.php?rest_route=\/wp\/v2\/posts\/94760\/revisions"}],"wp:featuredmedia":[{"embeddable":true,"href":"https:\/\/diarioregionaldigital.com.br\/index.php?rest_route=\/wp\/v2\/media\/94759"}],"wp:attachment":[{"href":"https:\/\/diarioregionaldigital.com.br\/index.php?rest_route=%2Fwp%2Fv2%2Fmedia&parent=94760"}],"wp:term":[{"taxonomy":"category","embeddable":true,"href":"https:\/\/diarioregionaldigital.com.br\/index.php?rest_route=%2Fwp%2Fv2%2Fcategories&post=94760"},{"taxonomy":"post_tag","embeddable":true,"href":"https:\/\/diarioregionaldigital.com.br\/index.php?rest_route=%2Fwp%2Fv2%2Ftags&post=94760"}],"curies":[{"name":"wp","href":"https:\/\/api.w.org\/{rel}","templated":true}]}}