{"id":94758,"date":"2018-03-28T17:06:07","date_gmt":"2018-03-28T20:06:07","guid":{"rendered":"http:\/\/diarioregionaljf.com.br\/2018\/03\/28\/proxima-cupula-do-brics-sera-realizada-em-julho-na-africa-do-sul\/"},"modified":"2018-03-28T17:06:07","modified_gmt":"2018-03-28T20:06:07","slug":"proxima-cupula-do-brics-sera-realizada-em-julho-na-africa-do-sul","status":"publish","type":"post","link":"https:\/\/diarioregionaldigital.com.br\/?p=94758","title":{"rendered":"Pr\u00f3xima c\u00fapula do Brics ser\u00e1 realizada em julho na \u00c1frica do Sul"},"content":{"rendered":"<p>A 10\u00aa C\u00fapula do Brics, grupo que re\u00fane Brasil, R\u00fassia, \u00cdndia, China e \u00c1frica do Sul, acontecer\u00e1 entre os dias 25 e 27 de julho pr\u00f3ximo, no Centro de Conven\u00e7\u00f5es de Johanesburgo, na \u00c1frica do Sul, com a presen\u00e7a dos cinco chefes de Estado do bloco, disseram nesta quarta-feira, 28, fontes oficiais sul-africanas. A informa\u00e7\u00e3o \u00e9 da EFE.<\/p>\n<p>O bloco tamb\u00e9m convidou para a reuni\u00e3o os governantes de nove na\u00e7\u00f5es africanas e chefes de Estado e de governo de pa\u00edses de outras regi\u00f5es. A pr\u00f3xima c\u00fapula acontece na \u00c1frica do Sul porque este pa\u00eds exerce atualmente a presid\u00eancia rotativa do Brics.<\/p>\n<p>Os chefes de Estado dos cinco pa\u00edses-membros do bloco &#8211; que representam por volta de 23% do Produto Interno Bruto (PIB) mundial &#8211; j\u00e1 confirmaram presen\u00e7a na reuni\u00e3o, onde ser\u00e3o tratados temas de coopera\u00e7\u00e3o econ\u00f4mica e desenvolvimento, entre outros.<\/p>\n<h4>&#8220;BRICS ADICIONAL&#8221;<\/h4>\n<p>Segundo detalhou hoje o embaixador do governo sul-africano para o Brics, Anil Sooklal, em um encontro com a imprensa estrangeira, a c\u00fapula tamb\u00e9m contar\u00e1 com a presen\u00e7a de presidentes de outros pa\u00edses africanos &#8211; como Ruanda, Angola e Nam\u00edbia &#8211; para impulsionar os interesses do continente.<\/p>\n<p>Sooklal tamb\u00e9m confirmou que, dentro do que se conhece como &#8220;Brics Adicional&#8221; &#8211; um projeto para aumentar a coopera\u00e7\u00e3o entre pa\u00edses emergentes &#8211; foram enviados convites a pa\u00edses como a Argentina, Jamaica, Turquia e Indon\u00e9sia.<\/p>\n<p>Entre os temas que ser\u00e3o tratados figuram a industrializa\u00e7\u00e3o e as novas tecnologias, o crescimento inclusivo e a coopera\u00e7\u00e3o em temas de manuten\u00e7\u00e3o da paz e em assuntos de sa\u00fade, como a cria\u00e7\u00e3o de uma plataforma de vacina\u00e7\u00e3o do bloco. Al\u00e9m disso, a \u00c1frica do Sul promover\u00e1 na agenda a discuss\u00e3o sobre igualdade de g\u00eanero e os interesses das mulheres.<\/p>\n<p>Sooklal tamb\u00e9m adiantou que os l\u00edderes dos cinco pa\u00edses-membros participar\u00e3o de um retiro para refletir sobre as conquistas do bloco em seus quase 10 anos de exist\u00eancia e sobre o roteiro a ser seguido nos pr\u00f3ximos anos.<\/p>\n<p>Na lista de temas espinhosos estar\u00e3o quest\u00f5es de direitos humanos e democracia, ap\u00f3s as recentes reelei\u00e7\u00f5es dos presidentes da R\u00fassia, Vladimir Putin, que recebeu dois ter\u00e7os dos votos para um quarto mandato; e da China, Xi Jinping, ap\u00f3s uma reforma constitucional para eliminar o limite m\u00e1ximo de dois mandatos presidenciais no pa\u00eds.<\/p>\n<p>&#8220;N\u00e3o estamos calados em rela\u00e7\u00e3o aos direitos humanos, \u00e9 um dos pilares de nossa pol\u00edtica externa&#8221;, afirmou o representante sul-africano, em nome do governo do novo presidente Cyril Ramaphosa. N\u00e3o obstante, Sooklal lembrou que &#8220;os Brics respeitam a soberania de cada pa\u00eds&#8221; e n\u00e3o entram &#8220;nos assuntos dom\u00e9sticos&#8221; como o &#8220;sistema de governo&#8221; que cada na\u00e7\u00e3o queira adotar.<\/p>\n<p>Fonte: Ag\u00eancia Brasil<\/p>\n","protected":false},"excerpt":{"rendered":"<p>A 10\u00aa C\u00fapula do Brics, grupo que re\u00fane Brasil, R\u00fassia, \u00cdndia, China e \u00c1frica do Sul, acontecer\u00e1 entre os dias 25 e 27 de julho pr\u00f3ximo, no Centro de Conven\u00e7\u00f5es de Johanesburgo, na \u00c1frica do Sul, com a presen\u00e7a dos cinco chefes de Estado do bloco, disseram nesta quarta-feira, 28, fontes oficiais sul-africanas. A informa\u00e7\u00e3o [&hellip;]<\/p>\n","protected":false},"author":96,"featured_media":94757,"comment_status":"closed","ping_status":"closed","sticky":false,"template":"","format":"standard","meta":{"footnotes":""},"categories":[302],"tags":[],"class_list":["post-94758","post","type-post","status-publish","format-standard","has-post-thumbnail","hentry","category-brasil-mundo"],"_links":{"self":[{"href":"https:\/\/diarioregionaldigital.com.br\/index.php?rest_route=\/wp\/v2\/posts\/94758","targetHints":{"allow":["GET"]}}],"collection":[{"href":"https:\/\/diarioregionaldigital.com.br\/index.php?rest_route=\/wp\/v2\/posts"}],"about":[{"href":"https:\/\/diarioregionaldigital.com.br\/index.php?rest_route=\/wp\/v2\/types\/post"}],"author":[{"embeddable":true,"href":"https:\/\/diarioregionaldigital.com.br\/index.php?rest_route=\/wp\/v2\/users\/96"}],"replies":[{"embeddable":true,"href":"https:\/\/diarioregionaldigital.com.br\/index.php?rest_route=%2Fwp%2Fv2%2Fcomments&post=94758"}],"version-history":[{"count":0,"href":"https:\/\/diarioregionaldigital.com.br\/index.php?rest_route=\/wp\/v2\/posts\/94758\/revisions"}],"wp:featuredmedia":[{"embeddable":true,"href":"https:\/\/diarioregionaldigital.com.br\/index.php?rest_route=\/wp\/v2\/media\/94757"}],"wp:attachment":[{"href":"https:\/\/diarioregionaldigital.com.br\/index.php?rest_route=%2Fwp%2Fv2%2Fmedia&parent=94758"}],"wp:term":[{"taxonomy":"category","embeddable":true,"href":"https:\/\/diarioregionaldigital.com.br\/index.php?rest_route=%2Fwp%2Fv2%2Fcategories&post=94758"},{"taxonomy":"post_tag","embeddable":true,"href":"https:\/\/diarioregionaldigital.com.br\/index.php?rest_route=%2Fwp%2Fv2%2Ftags&post=94758"}],"curies":[{"name":"wp","href":"https:\/\/api.w.org\/{rel}","templated":true}]}}