{"id":94754,"date":"2018-03-28T16:57:24","date_gmt":"2018-03-28T19:57:24","guid":{"rendered":"http:\/\/diarioregionaljf.com.br\/2018\/03\/28\/ministerio-do-esporte-lanca-programa-esporte-sem-assedio\/"},"modified":"2018-03-28T16:57:24","modified_gmt":"2018-03-28T19:57:24","slug":"ministerio-do-esporte-lanca-programa-esporte-sem-assedio","status":"publish","type":"post","link":"https:\/\/diarioregionaldigital.com.br\/?p=94754","title":{"rendered":"Minist\u00e9rio do Esporte lan\u00e7a programa Esporte sem Ass\u00e9dio"},"content":{"rendered":"<p>O Minist\u00e9rio do Esporte lan\u00e7a nesta quinta-feira, 29, o programa Esporte sem Ass\u00e9dio. A cerim\u00f4nia contar\u00e1 com a presen\u00e7a do ministro do Esporte, Leonardo Picciani, e da secret\u00e1ria nacional de Pol\u00edticas para as Mulheres, F\u00e1tima Pelaes. O evento ter\u00e1 in\u00edcio \u00e0s 9h30 no Parque Ol\u00edmpico da Barra, no Rio de Janeiro. O programa tem o objetivo prevenir e combater a viol\u00eancia e o ass\u00e9dio \u00e0s atletas brasileiras no territ\u00f3rio nacional e internacional.<\/p>\n<p>A campanha incentiva esportistas, dirigente e mulheres do meio a denunciar casos de viol\u00eancia e ass\u00e9dio por meio do Ligue 180. O programa ter\u00e1 um protocolo \u00fanico de repasse e tratamento das informa\u00e7\u00f5es recebidas. A parceria ser\u00e1 entre o Minist\u00e9rio do Esporte, a SPM, o Conselho Nacional de Justi\u00e7a e a Rede Nacional de Enfrentamento \u00e0 Viol\u00eancia.<\/p>\n<p>O canal ser\u00e1 utilizado tanto no Brasil como no exterior, e atendentes passar\u00e3o por treinamento para receber den\u00fancias de atletas, cria\u00e7\u00e3o e pactua\u00e7\u00e3o de fluxo de assist\u00eancia psicossocial e jur\u00eddica, tratamento de informa\u00e7\u00f5es recebidas e o monitoramento do servi\u00e7o.<\/p>\n<p><strong>Campanha digital<\/strong><\/p>\n<p>A campanha do programa ser\u00e1 desenvolvida em ambiente digital, para ser compartilhada por atletas e influenciadores. O mote da campanha \u00e9 \u201cAss\u00e9dio \u00e9 um crime silencioso e que causa danos pelo resto da vida. N\u00e3o vamos permitir que o ass\u00e9dio cale nosso grito de vit\u00f3ria. Denuncie. Ligue 180. #EsporteSemAss\u00e9dio\u201d.<\/p>\n<p>O programa ser\u00e1 divulgado tamb\u00e9m por federa\u00e7\u00f5es e clubes de futebol que disputar\u00e3o as finais de campeonatos estaduais no Rio de Janeiro, em S\u00e3o Paulo e em Pernambuco no pr\u00f3ximo domingo,1. A cerim\u00f4nia de lan\u00e7amento tamb\u00e9m contar\u00e1 com atletas e representantes de clubes.<\/p>\n<p><strong>Fonte: Olimpiadatododia<\/strong><\/p>\n","protected":false},"excerpt":{"rendered":"<p>O Minist\u00e9rio do Esporte lan\u00e7a nesta quinta-feira, 29, o programa Esporte sem Ass\u00e9dio. A cerim\u00f4nia contar\u00e1 com a presen\u00e7a do ministro do Esporte, Leonardo Picciani, e da secret\u00e1ria nacional de Pol\u00edticas para as Mulheres, F\u00e1tima Pelaes. O evento ter\u00e1 in\u00edcio \u00e0s 9h30 no Parque Ol\u00edmpico da Barra, no Rio de Janeiro. O programa tem o [&hellip;]<\/p>\n","protected":false},"author":96,"featured_media":94753,"comment_status":"closed","ping_status":"closed","sticky":false,"template":"","format":"standard","meta":{"footnotes":""},"categories":[257],"tags":[],"class_list":["post-94754","post","type-post","status-publish","format-standard","has-post-thumbnail","hentry","category-esporte"],"_links":{"self":[{"href":"https:\/\/diarioregionaldigital.com.br\/index.php?rest_route=\/wp\/v2\/posts\/94754","targetHints":{"allow":["GET"]}}],"collection":[{"href":"https:\/\/diarioregionaldigital.com.br\/index.php?rest_route=\/wp\/v2\/posts"}],"about":[{"href":"https:\/\/diarioregionaldigital.com.br\/index.php?rest_route=\/wp\/v2\/types\/post"}],"author":[{"embeddable":true,"href":"https:\/\/diarioregionaldigital.com.br\/index.php?rest_route=\/wp\/v2\/users\/96"}],"replies":[{"embeddable":true,"href":"https:\/\/diarioregionaldigital.com.br\/index.php?rest_route=%2Fwp%2Fv2%2Fcomments&post=94754"}],"version-history":[{"count":0,"href":"https:\/\/diarioregionaldigital.com.br\/index.php?rest_route=\/wp\/v2\/posts\/94754\/revisions"}],"wp:featuredmedia":[{"embeddable":true,"href":"https:\/\/diarioregionaldigital.com.br\/index.php?rest_route=\/wp\/v2\/media\/94753"}],"wp:attachment":[{"href":"https:\/\/diarioregionaldigital.com.br\/index.php?rest_route=%2Fwp%2Fv2%2Fmedia&parent=94754"}],"wp:term":[{"taxonomy":"category","embeddable":true,"href":"https:\/\/diarioregionaldigital.com.br\/index.php?rest_route=%2Fwp%2Fv2%2Fcategories&post=94754"},{"taxonomy":"post_tag","embeddable":true,"href":"https:\/\/diarioregionaldigital.com.br\/index.php?rest_route=%2Fwp%2Fv2%2Ftags&post=94754"}],"curies":[{"name":"wp","href":"https:\/\/api.w.org\/{rel}","templated":true}]}}