{"id":94752,"date":"2018-03-28T16:56:13","date_gmt":"2018-03-28T19:56:13","guid":{"rendered":"http:\/\/diarioregionaljf.com.br\/2018\/03\/28\/classico-mineiro-entre-cruzeiro-e-atletico-voltara-a-ter-torcida-dividida\/"},"modified":"2018-03-28T16:56:13","modified_gmt":"2018-03-28T19:56:13","slug":"classico-mineiro-entre-cruzeiro-e-atletico-voltara-a-ter-torcida-dividida","status":"publish","type":"post","link":"https:\/\/diarioregionaldigital.com.br\/?p=94752","title":{"rendered":"Cl\u00e1ssico Mineiro entre Cruzeiro e Atl\u00e9tico voltar\u00e1 a ter torcida dividida"},"content":{"rendered":"<p>Os cl\u00e1ssicos do Campeonato Brasileiro, entre Atl\u00e9tico e Cruzeiro, ser\u00e3o realizados no Mineir\u00e3o e com torcida dividida igualmente. O an\u00fancio foi feito pelo presidente cruzeirense Wagner Pires de S\u00e1, nesta ter\u00e7a-feira, durante reuni\u00e3o na sede da Federa\u00e7\u00e3o Mineira de Futebol que tratou de provid\u00eancias do primeiro duelo v\u00e1lido pela final do Campeonato Mineiro.<\/p>\n<p>Segundo Wagner, o acordo feito com o presidente atleticano S\u00e9rgio Sette C\u00e2mara prev\u00ea que os cl\u00e1ssicos posteriores ao Campeonato Mineiro ser\u00e3o sempre no Mineir\u00e3o e com divis\u00e3o 50% a 50%.<\/p>\n<p>\u201cA partir do Campeonato Brasileiro, as partidas entre Cruzeiro e Atl\u00e9tico ser\u00e3o realizadas no Mineir\u00e3o e com torcida dividida. Acertei com o Sette C\u00e2mara. Eu j\u00e1 tinha a inten\u00e7\u00e3o. O Sette C\u00e2mara me ligou perguntando qual era a minha posi\u00e7\u00e3o, e n\u00f3s comungamos o mesmo pensamento\u201d, declarou Wagner Pires de S\u00e1.<\/p>\n<p>Desde que o Mineir\u00e3o foi reinaugurado, no fim de 2012, apenas dois cl\u00e1ssicos foram realizados nesses moldes, com torcidas ocupando espa\u00e7os iguais. O primeiro foi o de reabertura do est\u00e1dio, em fevereiro de 2013, vencido pelo Cruzeiro por 2 a 1. O segundo foi em 2017, v\u00e1lido pela fase de grupos da Primeira Liga, e tamb\u00e9m com vit\u00f3ria celeste, por 1 a 0.<\/p>\n<p>Em outras ocasi\u00f5es, as diretorias dos arquirrivais sempre divergiram em rela\u00e7\u00e3o ao local e \u00e0 divis\u00e3o dos ingressos. O Atl\u00e9tico, por exemplo, vinha demonstrando prefer\u00eancia por jogar no Independ\u00eancia, onde a divis\u00e3o igualit\u00e1ria dos bilhetes nunca foi permitida pela Pol\u00edcia Militar. Isso porque o est\u00e1dio est\u00e1 inserido em bairro residencial, com ruas estreitas.<\/p>\n<p>O presidente do Cruzeiro evitou fazer previs\u00f5es sobre cl\u00e1ssicos dos anos seguintes. \u201cNaturalmente, a vida muda as coisas. Mas, a partir desse ano, a nossa combina\u00e7\u00e3o \u00e9 essa. Ent\u00e3o acredito que ser\u00e1 uma coisa boa para todo mundo, para Minas Gerais, para nossos torcedores. O futebol \u00e9 a maior divers\u00e3o que temos aqui\u201d.<\/p>\n<p> <strong>Finais do Mineiro<\/strong><\/p>\n<p> Na final do Campeonato Mineiro deste ano, o acordo ainda n\u00e3o vigora. O primeiro duelo ser\u00e1 neste domingo, dia 1\u00ba de abril, \u00e0s 16h, no Independ\u00eancia, com mando do Atl\u00e9tico. O segundo ser\u00e1 no Mineir\u00e3o, \u00e0s 16h do domingo seguinte, dia 8.&nbsp;<\/p>\n<p> Por ter feito melhor campanha na fase de classifica\u00e7\u00e3o, o Cruzeiro joga por dois empates ou vit\u00f3ria e derrota pela mesma diferen\u00e7a de gols.<\/p>\n","protected":false},"excerpt":{"rendered":"<p>Os cl\u00e1ssicos do Campeonato Brasileiro, entre Atl\u00e9tico e Cruzeiro, ser\u00e3o realizados no Mineir\u00e3o e com torcida dividida igualmente. O an\u00fancio foi feito pelo presidente cruzeirense Wagner Pires de S\u00e1, nesta ter\u00e7a-feira, durante reuni\u00e3o na sede da Federa\u00e7\u00e3o Mineira de Futebol que tratou de provid\u00eancias do primeiro duelo v\u00e1lido pela final do Campeonato Mineiro. Segundo Wagner, [&hellip;]<\/p>\n","protected":false},"author":96,"featured_media":94751,"comment_status":"closed","ping_status":"closed","sticky":false,"template":"","format":"standard","meta":{"footnotes":""},"categories":[257],"tags":[],"class_list":["post-94752","post","type-post","status-publish","format-standard","has-post-thumbnail","hentry","category-esporte"],"_links":{"self":[{"href":"https:\/\/diarioregionaldigital.com.br\/index.php?rest_route=\/wp\/v2\/posts\/94752","targetHints":{"allow":["GET"]}}],"collection":[{"href":"https:\/\/diarioregionaldigital.com.br\/index.php?rest_route=\/wp\/v2\/posts"}],"about":[{"href":"https:\/\/diarioregionaldigital.com.br\/index.php?rest_route=\/wp\/v2\/types\/post"}],"author":[{"embeddable":true,"href":"https:\/\/diarioregionaldigital.com.br\/index.php?rest_route=\/wp\/v2\/users\/96"}],"replies":[{"embeddable":true,"href":"https:\/\/diarioregionaldigital.com.br\/index.php?rest_route=%2Fwp%2Fv2%2Fcomments&post=94752"}],"version-history":[{"count":0,"href":"https:\/\/diarioregionaldigital.com.br\/index.php?rest_route=\/wp\/v2\/posts\/94752\/revisions"}],"wp:featuredmedia":[{"embeddable":true,"href":"https:\/\/diarioregionaldigital.com.br\/index.php?rest_route=\/wp\/v2\/media\/94751"}],"wp:attachment":[{"href":"https:\/\/diarioregionaldigital.com.br\/index.php?rest_route=%2Fwp%2Fv2%2Fmedia&parent=94752"}],"wp:term":[{"taxonomy":"category","embeddable":true,"href":"https:\/\/diarioregionaldigital.com.br\/index.php?rest_route=%2Fwp%2Fv2%2Fcategories&post=94752"},{"taxonomy":"post_tag","embeddable":true,"href":"https:\/\/diarioregionaldigital.com.br\/index.php?rest_route=%2Fwp%2Fv2%2Ftags&post=94752"}],"curies":[{"name":"wp","href":"https:\/\/api.w.org\/{rel}","templated":true}]}}