{"id":94750,"date":"2018-03-28T16:46:12","date_gmt":"2018-03-28T19:46:12","guid":{"rendered":"http:\/\/diarioregionaljf.com.br\/2018\/03\/28\/prf-reforcara-acoes-nas-estradas-durante-feriado-de-semana-santa\/"},"modified":"2018-03-28T16:46:12","modified_gmt":"2018-03-28T19:46:12","slug":"prf-reforcara-acoes-nas-estradas-durante-feriado-de-semana-santa","status":"publish","type":"post","link":"https:\/\/diarioregionaldigital.com.br\/?p=94750","title":{"rendered":"PRF refor\u00e7ar\u00e1 a\u00e7\u00f5es nas estradas durante feriado de Semana Santa"},"content":{"rendered":"<p>A Pol\u00edcia rodovi\u00e1ria Federal (PRF) inicia \u00e0 00h desta quinta-feira 29, a Opera\u00e7\u00e3o Semana Santa 2018. At\u00e9 \u00e0s 23h59min do domingo de P\u00e1scoa, dia 1\u00ba, agentes refor\u00e7ar\u00e3o trechos estrat\u00e9gicos nas BR\u2019s, priorizando a\u00e7\u00f5es preventivas para redu\u00e7\u00e3o da viol\u00eancia no tr\u00e2nsito, visando obter uma redu\u00e7\u00e3o nos \u00edndices de letalidade nas rodovias federais.<\/p>\n<p>As a\u00e7\u00f5es desenvolvidas pela PRF ser\u00e3o focadas na preven\u00e7\u00e3o e diminui\u00e7\u00e3o da gravidade de acidentes; em uma resposta r\u00e1pida para garantir fluidez ao tr\u00e2nsito; no combate \u00e0s infra\u00e7\u00f5es de tr\u00e2nsito, em especial \u00e0s condutas geradoras de acidentes como: o excesso de velocidade, as ultrapassagens proibidas, n\u00e3o manter a dist\u00e2ncia de seguran\u00e7a e transitar pelo acostamento.<\/p>\n<h4>CHAMADO P\u00daBLICO<\/h4>\n<p>A PRF conclama, mais uma vez, os condutores a se portarem de forma prudente e respons\u00e1vel para que tenhamos um feriado de Semana Santa com menor \u00edndice de viol\u00eancia nas rodovias federais de Minas.<\/p>\n<p>O fator humano \u00e9 o mais importante no sistema tr\u00e2nsito, por isso dirija com cuidado, seja prudente, pratique a dire\u00e7\u00e3o defensiva e a urbanidade com os outros motoristas. Lembre-se sempre: voc\u00ea pode estar transportando em seu ve\u00edculo as pessoas mais valiosas de sua vida. Acidentes de tr\u00e2nsito deixam marcas eternas, o tempo n\u00e3o volta, a dor \u00e9 para sempre.<\/p>\n<h4>FORMATO DA OPERA\u00c7\u00c3O<\/h4>\n<p>A fiscaliza\u00e7\u00e3o e o policiamento ser\u00e3o intensificados atrav\u00e9s de rondas ostensivas nas rodovias e do posicionamento estrat\u00e9gico das viaturas e policiais ao longo dos trechos mais movimentados e considerados cr\u00edticos, pelo alto \u00edndice de acidentes e pela elevada taxa de cometimento de infra\u00e7\u00f5es de tr\u00e2nsito. Para tanto, aproximadamente 900 policiais, em escalas de revezamento, utilizar\u00e3o 22 radares e 150 etil\u00f4metros.<\/p>\n<p>Todo o efetivo da PRF em MG ser\u00e1 empenhado no feriado e contaremos tamb\u00e9m com o refor\u00e7o de policiais vindos de outros Estados.<\/p>\n<h4>A\u00c7\u00d5ES EDUCATIVAS<\/h4>\n<p>Reconhecendo a import\u00e2ncia da \u201cEduca\u00e7\u00e3o para o Tr\u00e2nsito\u201d como meio de se fomentar mudan\u00e7as de atitude e aumento da conscientiza\u00e7\u00e3o dos motoristas, realizaremos o Projeto \u201cCinema Rodovi\u00e1rio\u201d em v\u00e1rios pontos do estado durante o feriado de Semana Santa.<\/p>\n<h4>RESTRI\u00c7\u00d5ES DE TR\u00c1FEGO<\/h4>\n<p>Por medida de seguran\u00e7a, devido ao grande aumento no fluxo de ve\u00edculos, a PRF restringir\u00e1 o tr\u00e1fego de bitrens, rodotrens, treminh\u00f5es, cegonheiras carregadas e de ve\u00edculos com cargas excedentes, somente em rodovias federais de pista simples, em alguns dias do feriado.<\/p>\n<p>Confira abaixo os dias e hor\u00e1rios das restri\u00e7\u00f5es:<\/p>\n<p>29\/03\/18 &#8211; quinta-feira das 16h \u00e0s 22h;<br \/>30\/03\/18 &#8211; sexta-feira das 06h \u00e0s 12h;<br \/>01\/04\/18 &#8211; domingo das 16h \u00e0s 22h;<\/p>\n<p>O motorista que descumprir a determina\u00e7\u00e3o ser\u00e1 multado em R$ 130,16 (infra\u00e7\u00e3o m\u00e9dia), receber\u00e1 quatro pontos na CNH e ter\u00e1 o ve\u00edculo retido.<\/p>\n<p>Fonte: Assessoria \/ PRF<\/p>\n","protected":false},"excerpt":{"rendered":"<p>A Pol\u00edcia rodovi\u00e1ria Federal (PRF) inicia \u00e0 00h desta quinta-feira 29, a Opera\u00e7\u00e3o Semana Santa 2018. At\u00e9 \u00e0s 23h59min do domingo de P\u00e1scoa, dia 1\u00ba, agentes refor\u00e7ar\u00e3o trechos estrat\u00e9gicos nas BR\u2019s, priorizando a\u00e7\u00f5es preventivas para redu\u00e7\u00e3o da viol\u00eancia no tr\u00e2nsito, visando obter uma redu\u00e7\u00e3o nos \u00edndices de letalidade nas rodovias federais. As a\u00e7\u00f5es desenvolvidas pela [&hellip;]<\/p>\n","protected":false},"author":96,"featured_media":94749,"comment_status":"closed","ping_status":"closed","sticky":false,"template":"","format":"standard","meta":{"footnotes":""},"categories":[252],"tags":[],"class_list":["post-94750","post","type-post","status-publish","format-standard","has-post-thumbnail","hentry","category-regiao"],"_links":{"self":[{"href":"https:\/\/diarioregionaldigital.com.br\/index.php?rest_route=\/wp\/v2\/posts\/94750","targetHints":{"allow":["GET"]}}],"collection":[{"href":"https:\/\/diarioregionaldigital.com.br\/index.php?rest_route=\/wp\/v2\/posts"}],"about":[{"href":"https:\/\/diarioregionaldigital.com.br\/index.php?rest_route=\/wp\/v2\/types\/post"}],"author":[{"embeddable":true,"href":"https:\/\/diarioregionaldigital.com.br\/index.php?rest_route=\/wp\/v2\/users\/96"}],"replies":[{"embeddable":true,"href":"https:\/\/diarioregionaldigital.com.br\/index.php?rest_route=%2Fwp%2Fv2%2Fcomments&post=94750"}],"version-history":[{"count":0,"href":"https:\/\/diarioregionaldigital.com.br\/index.php?rest_route=\/wp\/v2\/posts\/94750\/revisions"}],"wp:featuredmedia":[{"embeddable":true,"href":"https:\/\/diarioregionaldigital.com.br\/index.php?rest_route=\/wp\/v2\/media\/94749"}],"wp:attachment":[{"href":"https:\/\/diarioregionaldigital.com.br\/index.php?rest_route=%2Fwp%2Fv2%2Fmedia&parent=94750"}],"wp:term":[{"taxonomy":"category","embeddable":true,"href":"https:\/\/diarioregionaldigital.com.br\/index.php?rest_route=%2Fwp%2Fv2%2Fcategories&post=94750"},{"taxonomy":"post_tag","embeddable":true,"href":"https:\/\/diarioregionaldigital.com.br\/index.php?rest_route=%2Fwp%2Fv2%2Ftags&post=94750"}],"curies":[{"name":"wp","href":"https:\/\/api.w.org\/{rel}","templated":true}]}}