{"id":94746,"date":"2018-03-28T13:12:40","date_gmt":"2018-03-28T16:12:40","guid":{"rendered":"http:\/\/diarioregionaljf.com.br\/2018\/03\/28\/operacao-apura-sonegacao-fiscal-no-segmento-de-bebidas-frias\/"},"modified":"2018-03-28T13:12:40","modified_gmt":"2018-03-28T16:12:40","slug":"operacao-apura-sonegacao-fiscal-no-segmento-de-bebidas-frias","status":"publish","type":"post","link":"https:\/\/diarioregionaldigital.com.br\/?p=94746","title":{"rendered":"Opera\u00e7\u00e3o apura sonega\u00e7\u00e3o fiscal no segmento de bebidas frias"},"content":{"rendered":"<p>A Secretaria de Estado de Fazenda (SEF), por interm\u00e9dio da Receita Estadual, o Minist\u00e9rio P\u00fablico de Minas Gerais (MPMG), a Advocacia-Geral do Estado (AGE) e a Pol\u00edcia Civil (PCMG) realizaram, nesta ter\u00e7a-feira, 27, a opera\u00e7\u00e3o Rei Posto. O objetivo \u00e9 apurar a pr\u00e1tica de sonega\u00e7\u00e3o fiscal envolvendo grupo que atua no segmento de industrializa\u00e7\u00e3o e com\u00e9rcio de refrigerantes e sucos. O d\u00e9bito atual do grupo com o Fisco Estadual supera os R$ 300 milh\u00f5es.<\/p>\n<p>Foram expedidos para cumprimento 16 mandados de busca e apreens\u00e3o, sendo dois no estado do Rio de Janeiro e 14 em Minas Gerais, nas comarcas de Ribeir\u00e3o das Neves, Belo Horizonte, Nova Lima, Contagem, Cl\u00e1udio e Sabar\u00e1.<\/p>\n<p>O grupo j\u00e1 havia sido investigado em 2012 e foi alvo da opera\u00e7\u00e3o Que Rei Sou Eu, quando foi apurado esquema de sonega\u00e7\u00e3o de Imposto sobre Circula\u00e7\u00e3o de Mercadorias e Presta\u00e7\u00e3o de Servi\u00e7os (ICMS) que envolvia, al\u00e9m da principal empresa do grupo, v\u00e1rias distribuidoras criadas em nome de &#8220;laranjas&#8221;.<\/p>\n<p>A d\u00edvida do grupo foi parcelada \u00e0 \u00e9poca, em acordo celebrado com o Estado de Minas Gerais, por interm\u00e9dio do Comit\u00ea Interinstitucional de Recupera\u00e7\u00e3o de Ativos (CIRA), mas o pagamento n\u00e3o foi honrado. Al\u00e9m disso, o trabalho posterior de monitoramento dos neg\u00f3cios do grupo revelou a continuidade da pr\u00e1tica il\u00edcita, agora com a participa\u00e7\u00e3o de novas empresas de fachada e simula\u00e7\u00e3o de transa\u00e7\u00f5es comerciais, tudo com o objetivo de diminuir o imposto incidente sobre a venda de bebidas.<\/p>\n<p>As investiga\u00e7\u00f5es apontaram ainda a tentativa de oculta\u00e7\u00e3o de patrim\u00f4nio, valores e rendas gerados pelos neg\u00f3cios promovidos pelo grupo econ\u00f4mico ao qual pertencem as marcas de bebidas.<\/p>\n<p>A a\u00e7\u00e3o desencadeada nesta ter\u00e7a-feira tem como prerrogativa identificar ativos que possam ser usados para recupera\u00e7\u00e3o do cr\u00e9dito tribut\u00e1rio devido. O grupo empresarial tamb\u00e9m est\u00e1 sujeito a mais autua\u00e7\u00f5es por irregularidades que venham a ser detectadas ap\u00f3s a an\u00e1lise do material apreendido.<\/p>\n<p>Participam da opera\u00e7\u00e3o 40 servidores da Receita Estadual, tr\u00eas promotores de Justi\u00e7a, dois delegados e 34 policiais civis, al\u00e9m de um advogado do Estado.<\/p>\n<p>Fonte: Ag\u00eancia Minas<\/p>\n","protected":false},"excerpt":{"rendered":"<p>A Secretaria de Estado de Fazenda (SEF), por interm\u00e9dio da Receita Estadual, o Minist\u00e9rio P\u00fablico de Minas Gerais (MPMG), a Advocacia-Geral do Estado (AGE) e a Pol\u00edcia Civil (PCMG) realizaram, nesta ter\u00e7a-feira, 27, a opera\u00e7\u00e3o Rei Posto. O objetivo \u00e9 apurar a pr\u00e1tica de sonega\u00e7\u00e3o fiscal envolvendo grupo que atua no segmento de industrializa\u00e7\u00e3o e [&hellip;]<\/p>\n","protected":false},"author":96,"featured_media":94745,"comment_status":"closed","ping_status":"closed","sticky":false,"template":"","format":"standard","meta":{"footnotes":""},"categories":[252],"tags":[],"class_list":["post-94746","post","type-post","status-publish","format-standard","has-post-thumbnail","hentry","category-regiao"],"_links":{"self":[{"href":"https:\/\/diarioregionaldigital.com.br\/index.php?rest_route=\/wp\/v2\/posts\/94746","targetHints":{"allow":["GET"]}}],"collection":[{"href":"https:\/\/diarioregionaldigital.com.br\/index.php?rest_route=\/wp\/v2\/posts"}],"about":[{"href":"https:\/\/diarioregionaldigital.com.br\/index.php?rest_route=\/wp\/v2\/types\/post"}],"author":[{"embeddable":true,"href":"https:\/\/diarioregionaldigital.com.br\/index.php?rest_route=\/wp\/v2\/users\/96"}],"replies":[{"embeddable":true,"href":"https:\/\/diarioregionaldigital.com.br\/index.php?rest_route=%2Fwp%2Fv2%2Fcomments&post=94746"}],"version-history":[{"count":0,"href":"https:\/\/diarioregionaldigital.com.br\/index.php?rest_route=\/wp\/v2\/posts\/94746\/revisions"}],"wp:featuredmedia":[{"embeddable":true,"href":"https:\/\/diarioregionaldigital.com.br\/index.php?rest_route=\/wp\/v2\/media\/94745"}],"wp:attachment":[{"href":"https:\/\/diarioregionaldigital.com.br\/index.php?rest_route=%2Fwp%2Fv2%2Fmedia&parent=94746"}],"wp:term":[{"taxonomy":"category","embeddable":true,"href":"https:\/\/diarioregionaldigital.com.br\/index.php?rest_route=%2Fwp%2Fv2%2Fcategories&post=94746"},{"taxonomy":"post_tag","embeddable":true,"href":"https:\/\/diarioregionaldigital.com.br\/index.php?rest_route=%2Fwp%2Fv2%2Ftags&post=94746"}],"curies":[{"name":"wp","href":"https:\/\/api.w.org\/{rel}","templated":true}]}}