{"id":94740,"date":"2018-03-28T12:44:27","date_gmt":"2018-03-28T15:44:27","guid":{"rendered":"http:\/\/diarioregionaljf.com.br\/2018\/03\/28\/toffoli-libera-para-julgamento-acao-sobre-restricao-ao-foro-privilegiado\/"},"modified":"2018-03-28T12:44:27","modified_gmt":"2018-03-28T15:44:27","slug":"toffoli-libera-para-julgamento-acao-sobre-restricao-ao-foro-privilegiado","status":"publish","type":"post","link":"https:\/\/diarioregionaldigital.com.br\/?p=94740","title":{"rendered":"Toffoli libera para julgamento a\u00e7\u00e3o sobre restri\u00e7\u00e3o ao foro privilegiado"},"content":{"rendered":"<p>O ministro do Supremo Tribunal Federal (STF) Dias Toffoli liberou nessa ter\u00e7a-feira, 27, para julgamento o processo que trata da restri\u00e7\u00e3o ao foro privilegiado para deputados, senadores e ministros de Estado. Em novembro do ano passado, o ministro pediu vista do processo, e o julgamento foi interrompido. A partir de agora, cabe \u00e0 presidente da Corte, ministra C\u00e1rmen L\u00facia, marcar a data para an\u00e1lise do caso no plen\u00e1rio do tribunal.<\/p>\n<p>Antes da interrup\u00e7\u00e3o do julgamento, oito integrantes da Corte manifestaram-se a favor de algum tipo de restri\u00e7\u00e3o na compet\u00eancia da Corte Suprema para julgar crimes praticados por deputados e senadores. No entanto, h\u00e1 diverg\u00eancias sobre a situa\u00e7\u00e3o dos processos que j\u00e1 est\u00e3o em andamento.<\/p>\n<p>De acordo com a maioria formada, deputados federais e senadores somente devem responder a processos no STF se o crime for praticado no exerc\u00edcio do mandato. No caso de delitos praticados antes do exerc\u00edcio do mandato, o parlamentar seria processado pela primeira inst\u00e2ncia da Justi\u00e7a, como qualquer cidad\u00e3o.<\/p>\n<p>O voto condutor do julgamento foi proferido em junho do ano passado pelo relator, ministro Lu\u00eds Roberto Barroso. De acordo com o ministro, os detentores de foro privilegiado, como deputados e senadores, somente devem responder a processos criminais no STF se os fatos imputados a eles ocorrerem durante o mandato.<\/p>\n<p>O caso concreto que est\u00e1 sendo julgado envolve a restri\u00e7\u00e3o de foro do atual prefeito de Cabo Frio (RJ), o ex-deputado federal Marcos da Rocha Mendes. Ele chegou a ser empossado como suplente do deputado cassado Eduardo Cunha (MDB-RJ), mas renunciou ao mandato parlamentar para assumir o cargo no munic\u00edpio. O prefeito responde a uma a\u00e7\u00e3o penal no STF por suposta compra de votos, mas, em fun\u00e7\u00e3o da posse no Executivo municipal, o ministro Barroso manifestou-se pelo retorno do processo \u00e0 primeira inst\u00e2ncia da Justi\u00e7a Eleitoral.<\/p>\n<p>Fonte: Ag\u00eancia Brasil<\/p>\n","protected":false},"excerpt":{"rendered":"<p>O ministro do Supremo Tribunal Federal (STF) Dias Toffoli liberou nessa ter\u00e7a-feira, 27, para julgamento o processo que trata da restri\u00e7\u00e3o ao foro privilegiado para deputados, senadores e ministros de Estado. Em novembro do ano passado, o ministro pediu vista do processo, e o julgamento foi interrompido. A partir de agora, cabe \u00e0 presidente da [&hellip;]<\/p>\n","protected":false},"author":96,"featured_media":94739,"comment_status":"closed","ping_status":"closed","sticky":false,"template":"","format":"standard","meta":{"footnotes":""},"categories":[254],"tags":[],"class_list":["post-94740","post","type-post","status-publish","format-standard","has-post-thumbnail","hentry","category-politica"],"_links":{"self":[{"href":"https:\/\/diarioregionaldigital.com.br\/index.php?rest_route=\/wp\/v2\/posts\/94740","targetHints":{"allow":["GET"]}}],"collection":[{"href":"https:\/\/diarioregionaldigital.com.br\/index.php?rest_route=\/wp\/v2\/posts"}],"about":[{"href":"https:\/\/diarioregionaldigital.com.br\/index.php?rest_route=\/wp\/v2\/types\/post"}],"author":[{"embeddable":true,"href":"https:\/\/diarioregionaldigital.com.br\/index.php?rest_route=\/wp\/v2\/users\/96"}],"replies":[{"embeddable":true,"href":"https:\/\/diarioregionaldigital.com.br\/index.php?rest_route=%2Fwp%2Fv2%2Fcomments&post=94740"}],"version-history":[{"count":0,"href":"https:\/\/diarioregionaldigital.com.br\/index.php?rest_route=\/wp\/v2\/posts\/94740\/revisions"}],"wp:featuredmedia":[{"embeddable":true,"href":"https:\/\/diarioregionaldigital.com.br\/index.php?rest_route=\/wp\/v2\/media\/94739"}],"wp:attachment":[{"href":"https:\/\/diarioregionaldigital.com.br\/index.php?rest_route=%2Fwp%2Fv2%2Fmedia&parent=94740"}],"wp:term":[{"taxonomy":"category","embeddable":true,"href":"https:\/\/diarioregionaldigital.com.br\/index.php?rest_route=%2Fwp%2Fv2%2Fcategories&post=94740"},{"taxonomy":"post_tag","embeddable":true,"href":"https:\/\/diarioregionaldigital.com.br\/index.php?rest_route=%2Fwp%2Fv2%2Ftags&post=94740"}],"curies":[{"name":"wp","href":"https:\/\/api.w.org\/{rel}","templated":true}]}}