{"id":94738,"date":"2018-03-28T12:33:30","date_gmt":"2018-03-28T15:33:30","guid":{"rendered":"http:\/\/diarioregionaljf.com.br\/2018\/03\/28\/supremo-manda-reforcar-seguranca-de-fachin-depois-de-ministro-relatar-ameacas\/"},"modified":"2018-03-28T12:33:30","modified_gmt":"2018-03-28T15:33:30","slug":"supremo-manda-reforcar-seguranca-de-fachin-depois-de-ministro-relatar-ameacas","status":"publish","type":"post","link":"https:\/\/diarioregionaldigital.com.br\/?p=94738","title":{"rendered":"Supremo manda refor\u00e7ar seguran\u00e7a de Fachin depois de ministro relatar amea\u00e7as"},"content":{"rendered":"<p>O Supremo Tribunal Federal (STF) informou nessa ter\u00e7a-feira, 27, que refor\u00e7ou a seguran\u00e7a do ministro Edson Fachin e de seus parentes. A manifesta\u00e7\u00e3o foi motivada por uma entrevista concedida por Fachin ao canal GloboNews, em que o ministro disse que sua fam\u00edlia tem recebido amea\u00e7as. Ele, por\u00e9m, n\u00e3o citou quais tipos de amea\u00e7as tem sofrido e como teriam ocorrido. Segundo Fachin, foram solicitadas provid\u00eancias \u00e0 presidente da Corte, ministra C\u00e1rmen L\u00facia.<\/p>\n<p>De acordo com nota divulgada \u00e0 imprensa pela presid\u00eancia do STF, antes da entrevista do ministro, C\u00e1rmen L\u00facia j\u00e1 tinha tomado provid\u00eancias em rela\u00e7\u00e3o \u00e0s preocupa\u00e7\u00f5es de Fachin, como o envio de duas delegadas da Pol\u00edcia Federal (PF) para Curitiba, cidade de origem do ministro, para avaliar o esquema de seguran\u00e7a.<\/p>\n<p>&#8220;Uma das preocupa\u00e7\u00f5es que tenho n\u00e3o \u00e9 s\u00f3 com julgamento, mas tamb\u00e9m com seguran\u00e7a de membros de minha fam\u00edlia. Tenho tratado desse tema e de amea\u00e7as que t\u00eam sido dirigidas a membros da minha fam\u00edlia. \u201d, disse Fachin na entrevista.<\/p>\n<p>O ministro \u00e9 relator dos processos oriundos da Opera\u00e7\u00e3o Lava Jato na Corte, entre outras a\u00e7\u00f5es. Tamb\u00e9m \u00e9 relator do habeas corpus por meio do qual a defesa do ex-presidente Luiz In\u00e1cio Lula da Silva conseguiu suspender sua pris\u00e3o ap\u00f3s o fim dos recursos na segunda inst\u00e2ncia no processo do triplex de Guaruj\u00e1 (SP). A decis\u00e3o vale at\u00e9 o dia 4 de abril, quando o tribunal retomar\u00e1 o julgamento da quest\u00e3o.<\/p>\n<p>Fonte: Ag\u00eancia Brasil<\/p>\n","protected":false},"excerpt":{"rendered":"<p>O Supremo Tribunal Federal (STF) informou nessa ter\u00e7a-feira, 27, que refor\u00e7ou a seguran\u00e7a do ministro Edson Fachin e de seus parentes. A manifesta\u00e7\u00e3o foi motivada por uma entrevista concedida por Fachin ao canal GloboNews, em que o ministro disse que sua fam\u00edlia tem recebido amea\u00e7as. Ele, por\u00e9m, n\u00e3o citou quais tipos de amea\u00e7as tem sofrido [&hellip;]<\/p>\n","protected":false},"author":96,"featured_media":94737,"comment_status":"closed","ping_status":"closed","sticky":false,"template":"","format":"standard","meta":{"footnotes":""},"categories":[254],"tags":[],"class_list":["post-94738","post","type-post","status-publish","format-standard","has-post-thumbnail","hentry","category-politica"],"_links":{"self":[{"href":"https:\/\/diarioregionaldigital.com.br\/index.php?rest_route=\/wp\/v2\/posts\/94738","targetHints":{"allow":["GET"]}}],"collection":[{"href":"https:\/\/diarioregionaldigital.com.br\/index.php?rest_route=\/wp\/v2\/posts"}],"about":[{"href":"https:\/\/diarioregionaldigital.com.br\/index.php?rest_route=\/wp\/v2\/types\/post"}],"author":[{"embeddable":true,"href":"https:\/\/diarioregionaldigital.com.br\/index.php?rest_route=\/wp\/v2\/users\/96"}],"replies":[{"embeddable":true,"href":"https:\/\/diarioregionaldigital.com.br\/index.php?rest_route=%2Fwp%2Fv2%2Fcomments&post=94738"}],"version-history":[{"count":0,"href":"https:\/\/diarioregionaldigital.com.br\/index.php?rest_route=\/wp\/v2\/posts\/94738\/revisions"}],"wp:featuredmedia":[{"embeddable":true,"href":"https:\/\/diarioregionaldigital.com.br\/index.php?rest_route=\/wp\/v2\/media\/94737"}],"wp:attachment":[{"href":"https:\/\/diarioregionaldigital.com.br\/index.php?rest_route=%2Fwp%2Fv2%2Fmedia&parent=94738"}],"wp:term":[{"taxonomy":"category","embeddable":true,"href":"https:\/\/diarioregionaldigital.com.br\/index.php?rest_route=%2Fwp%2Fv2%2Fcategories&post=94738"},{"taxonomy":"post_tag","embeddable":true,"href":"https:\/\/diarioregionaldigital.com.br\/index.php?rest_route=%2Fwp%2Fv2%2Ftags&post=94738"}],"curies":[{"name":"wp","href":"https:\/\/api.w.org\/{rel}","templated":true}]}}