{"id":94736,"date":"2018-03-28T12:13:50","date_gmt":"2018-03-28T15:13:50","guid":{"rendered":"http:\/\/diarioregionaljf.com.br\/2018\/03\/28\/pm-detem-suspeito-de-abusar-da-sobrinha-de-oito-anos-no-vila-ideal\/"},"modified":"2018-03-28T12:13:50","modified_gmt":"2018-03-28T15:13:50","slug":"pm-detem-suspeito-de-abusar-da-sobrinha-de-oito-anos-no-vila-ideal","status":"publish","type":"post","link":"https:\/\/diarioregionaldigital.com.br\/?p=94736","title":{"rendered":"PM det\u00e9m suspeito de abusar da sobrinha de oito anos no Vila Ideal"},"content":{"rendered":"<p><a href=\"policial\/25438-tio-e-suspeito-de-abusar-de-menina-de-oito-anos-no-bairro-vila-ideal\" target=\"_blank\" rel=\"noopener noreferrer\">Um homem de 51 anos, suspeito de abusar da sobrinha-neta de apenas oito anos, no bairro Vila Ideal, zona Sudeste<\/a>, foi detido na tarde dessa ter\u00e7a-feira, 27. De acordo com informa\u00e7\u00f5es do Boletim de Ocorr\u00eancia (BO) da Pol\u00edcia Militar (PM), a m\u00e3e e duas tias da v\u00edtima relataram que, na inf\u00e2ncia, tamb\u00e9m j\u00e1 haviam sido abusadas pelo autor. Elas alegaram que tomaram a iniciativa de denunciar o crime ao tomarem conhecimento de que o mesmo fato estaria acontecendo com menina.<\/p>\n<p>J\u00e1 a crian\u00e7a relatou que os abusos come\u00e7aram quando ela tinha cinco anos e que n\u00e3o falou nada para os familiares porque era amea\u00e7ada pelo tio-av\u00f4. Segundo ela, o homem tinha o costume de passar as m\u00e3os em seu \u00f3rg\u00e3o genital, n\u00e1degas e seios.<\/p>\n<p>O autor estava foragido desde o \u00faltimo domingo, 25, quando foi confrontado pela m\u00e3e e uma das tias da crian\u00e7a. Ele foi localizado pelas tias da v\u00edtima em uma pra\u00e7a no centro de Juiz de Fora. Ainda conforme o BO, durante a abordagem policial o homem, que negou a autoria dos delitos, desacatou e desobedeceu as ordens dos militares. Ele foi preso e conduzido \u00e0 delegacia para demais provid\u00eancias.<\/p>\n<p>No quarto da resid\u00eancia do autor foram localizados preservativos, um DVD de filme infantil, a agenda da menina, um boneco infantil e uma calcinha feminina.<\/p>\n","protected":false},"excerpt":{"rendered":"<p>Um homem de 51 anos, suspeito de abusar da sobrinha-neta de apenas oito anos, no bairro Vila Ideal, zona Sudeste, foi detido na tarde dessa ter\u00e7a-feira, 27. De acordo com informa\u00e7\u00f5es do Boletim de Ocorr\u00eancia (BO) da Pol\u00edcia Militar (PM), a m\u00e3e e duas tias da v\u00edtima relataram que, na inf\u00e2ncia, tamb\u00e9m j\u00e1 haviam sido [&hellip;]<\/p>\n","protected":false},"author":96,"featured_media":94735,"comment_status":"closed","ping_status":"closed","sticky":false,"template":"","format":"standard","meta":{"footnotes":""},"categories":[301],"tags":[],"class_list":["post-94736","post","type-post","status-publish","format-standard","has-post-thumbnail","hentry","category-artigos-policiais"],"_links":{"self":[{"href":"https:\/\/diarioregionaldigital.com.br\/index.php?rest_route=\/wp\/v2\/posts\/94736","targetHints":{"allow":["GET"]}}],"collection":[{"href":"https:\/\/diarioregionaldigital.com.br\/index.php?rest_route=\/wp\/v2\/posts"}],"about":[{"href":"https:\/\/diarioregionaldigital.com.br\/index.php?rest_route=\/wp\/v2\/types\/post"}],"author":[{"embeddable":true,"href":"https:\/\/diarioregionaldigital.com.br\/index.php?rest_route=\/wp\/v2\/users\/96"}],"replies":[{"embeddable":true,"href":"https:\/\/diarioregionaldigital.com.br\/index.php?rest_route=%2Fwp%2Fv2%2Fcomments&post=94736"}],"version-history":[{"count":0,"href":"https:\/\/diarioregionaldigital.com.br\/index.php?rest_route=\/wp\/v2\/posts\/94736\/revisions"}],"wp:featuredmedia":[{"embeddable":true,"href":"https:\/\/diarioregionaldigital.com.br\/index.php?rest_route=\/wp\/v2\/media\/94735"}],"wp:attachment":[{"href":"https:\/\/diarioregionaldigital.com.br\/index.php?rest_route=%2Fwp%2Fv2%2Fmedia&parent=94736"}],"wp:term":[{"taxonomy":"category","embeddable":true,"href":"https:\/\/diarioregionaldigital.com.br\/index.php?rest_route=%2Fwp%2Fv2%2Fcategories&post=94736"},{"taxonomy":"post_tag","embeddable":true,"href":"https:\/\/diarioregionaldigital.com.br\/index.php?rest_route=%2Fwp%2Fv2%2Ftags&post=94736"}],"curies":[{"name":"wp","href":"https:\/\/api.w.org\/{rel}","templated":true}]}}