{"id":94734,"date":"2018-03-28T11:39:23","date_gmt":"2018-03-28T14:39:23","guid":{"rendered":"http:\/\/diarioregionaljf.com.br\/2018\/03\/28\/ministerio-publico-federal-denuncia-cabral-pela-22-vez\/"},"modified":"2018-03-28T11:39:23","modified_gmt":"2018-03-28T14:39:23","slug":"ministerio-publico-federal-denuncia-cabral-pela-22-vez","status":"publish","type":"post","link":"https:\/\/diarioregionaldigital.com.br\/?p=94734","title":{"rendered":"Minist\u00e9rio P\u00fablico Federal denuncia Cabral pela 22\u00aa vez"},"content":{"rendered":"<p>O Minist\u00e9rio P\u00fablico Federal (MPF) no Rio de Janeiro denunciou o ex-governador do estado S\u00e9rgio Cabral por crimes de corrup\u00e7\u00e3o e lavagem de dinheiro. \u00c9 a 22\u00aa den\u00fancia contra Cabral no \u00e2mbito da Opera\u00e7\u00e3o Lava Jato.<\/p>\n<p>Tamb\u00e9m foi denunciado o ex-presidente da Federa\u00e7\u00e3o do Com\u00e9rcio no Estado do Rio de Janeiro (Fecom\u00e9rcio-RJ) Orlando Diniz. A informa\u00e7\u00e3o foi divulgada nessa ter\u00e7a-feira, 27, pela assessoria do MPF.<\/p>\n<p>A for\u00e7a-tarefa da Lava Jato no Rio denunciou Diniz por crimes de corrup\u00e7\u00e3o, lavagem de dinheiro e organiza\u00e7\u00e3o criminosa. Cabral e mais 11 pessoas foram denunciadas por corrup\u00e7\u00e3o e\/ou lavagem de dinheiro. Em fevereiro passado, Diniz foi preso na Opera\u00e7\u00e3o Jabuti. Segundo o MPF, como presidente da Fecom\u00e9rcio, ele foi respons\u00e1vel pelo desvio de pelo menos R$10 milh\u00f5es dos cofres p\u00fablicos.<\/p>\n<p>De acordo com o MPF, o sistema Fecom\u00e9rcio no Rio conta com or\u00e7amento anual de cerca de R$1 bilh\u00e3o.<\/p>\n<p>\u201cO presidente da Fecom\u00e9rcio valeu-se por diversas vezes do esquema de lavagem de dinheiro que tinha \u00e0 frente os operadores financeiros de Cabral, ocultando e dissimulando a origem il\u00edcita de mais de R$3 milh\u00f5es. H\u00e1 ind\u00edcios de que Diniz desviava recursos p\u00fablicos federais do or\u00e7amento do Sesc e do Senac. Al\u00e9m disso, a pedido de Cabral, Diniz contratou diversos funcion\u00e1rios fantasmas, num esquema que movimentou quase R$6 milh\u00f5es\u201d, sustentou o MPF, em nota divulgada \u00e0 imprensa.<\/p>\n<p>A defesa de S\u00e9rgio Cabral foi procurada para se pronunciar sobre a den\u00fancia, mas ainda n\u00e3o havia se manifestado at\u00e9 a publica\u00e7\u00e3o desta mat\u00e9ria. Os defensores de Orlando Diniz n\u00e3o foram localizados.<\/p>\n<p>Fonte: Ag\u00eancia Brasil<\/p>\n","protected":false},"excerpt":{"rendered":"<p>O Minist\u00e9rio P\u00fablico Federal (MPF) no Rio de Janeiro denunciou o ex-governador do estado S\u00e9rgio Cabral por crimes de corrup\u00e7\u00e3o e lavagem de dinheiro. \u00c9 a 22\u00aa den\u00fancia contra Cabral no \u00e2mbito da Opera\u00e7\u00e3o Lava Jato. Tamb\u00e9m foi denunciado o ex-presidente da Federa\u00e7\u00e3o do Com\u00e9rcio no Estado do Rio de Janeiro (Fecom\u00e9rcio-RJ) Orlando Diniz. A [&hellip;]<\/p>\n","protected":false},"author":96,"featured_media":94733,"comment_status":"closed","ping_status":"closed","sticky":false,"template":"","format":"standard","meta":{"footnotes":""},"categories":[254],"tags":[],"class_list":["post-94734","post","type-post","status-publish","format-standard","has-post-thumbnail","hentry","category-politica"],"_links":{"self":[{"href":"https:\/\/diarioregionaldigital.com.br\/index.php?rest_route=\/wp\/v2\/posts\/94734","targetHints":{"allow":["GET"]}}],"collection":[{"href":"https:\/\/diarioregionaldigital.com.br\/index.php?rest_route=\/wp\/v2\/posts"}],"about":[{"href":"https:\/\/diarioregionaldigital.com.br\/index.php?rest_route=\/wp\/v2\/types\/post"}],"author":[{"embeddable":true,"href":"https:\/\/diarioregionaldigital.com.br\/index.php?rest_route=\/wp\/v2\/users\/96"}],"replies":[{"embeddable":true,"href":"https:\/\/diarioregionaldigital.com.br\/index.php?rest_route=%2Fwp%2Fv2%2Fcomments&post=94734"}],"version-history":[{"count":0,"href":"https:\/\/diarioregionaldigital.com.br\/index.php?rest_route=\/wp\/v2\/posts\/94734\/revisions"}],"wp:featuredmedia":[{"embeddable":true,"href":"https:\/\/diarioregionaldigital.com.br\/index.php?rest_route=\/wp\/v2\/media\/94733"}],"wp:attachment":[{"href":"https:\/\/diarioregionaldigital.com.br\/index.php?rest_route=%2Fwp%2Fv2%2Fmedia&parent=94734"}],"wp:term":[{"taxonomy":"category","embeddable":true,"href":"https:\/\/diarioregionaldigital.com.br\/index.php?rest_route=%2Fwp%2Fv2%2Fcategories&post=94734"},{"taxonomy":"post_tag","embeddable":true,"href":"https:\/\/diarioregionaldigital.com.br\/index.php?rest_route=%2Fwp%2Fv2%2Ftags&post=94734"}],"curies":[{"name":"wp","href":"https:\/\/api.w.org\/{rel}","templated":true}]}}