{"id":94732,"date":"2018-03-28T11:30:36","date_gmt":"2018-03-28T14:30:36","guid":{"rendered":"http:\/\/diarioregionaljf.com.br\/2018\/03\/28\/menino-de-13-anos-tem-mao-decepada-em-crime-de-vinganca\/"},"modified":"2018-03-28T11:30:36","modified_gmt":"2018-03-28T14:30:36","slug":"menino-de-13-anos-tem-mao-decepada-em-crime-de-vinganca","status":"publish","type":"post","link":"https:\/\/diarioregionaldigital.com.br\/?p=94732","title":{"rendered":"Menino de 13 anos tem m\u00e3o decepada em crime de vingan\u00e7a"},"content":{"rendered":"<p>Um menino de 13 anos teve a m\u00e3o direita decepada e a esquerda quase arrancada do bra\u00e7o, al\u00e9m de ter sido esfaqueado no pesco\u00e7o e no ombro, no bairro Vila Olavo Costa, zona Sudeste de Juiz de Fora, na manh\u00e3 da ter\u00e7a-feira, 27. O crime foi cometido por um homem de 31 anos e, segundo informa\u00e7\u00f5es da Pol\u00edcia Militar (PM), teria sido motivado por vingan\u00e7a pela morte de um outro indiv\u00edduo, no dia 24 deste m\u00eas.<\/p>\n<p>Ainda segundo a PM, populares relataram que o autor teria usado um fac\u00e3o para agredir o menino. Ap\u00f3s o crime, ele fugiu em rumo ignorado. Pr\u00f3ximo ao local dos fatos, foi encontrada, ca\u00edda no ch\u00e3o, a carteira de identidade e um telefone celular pertencentes ao agressor.<\/p>\n<p>A v\u00edtima foi conduzida ao Hospital de Pronto Socorro (HPS), onde permanece internada para tratamento ap\u00f3s perder tamb\u00e9m a outra m\u00e3o, segundo informa\u00e7\u00f5es da Secretaria de Sa\u00fade. Ainda segundo informa\u00e7\u00f5es da secretaria, o jovem passou a tarde dessa quarta-feira, 28, no centro cir\u00fargico e permaneceu em estado grave, sedado e entubado.<\/p>\n<p>&nbsp;<\/p>\n<hr \/>\n<p>&nbsp;Atualizada \u00e0s 19h.<\/p>\n","protected":false},"excerpt":{"rendered":"<p>Um menino de 13 anos teve a m\u00e3o direita decepada e a esquerda quase arrancada do bra\u00e7o, al\u00e9m de ter sido esfaqueado no pesco\u00e7o e no ombro, no bairro Vila Olavo Costa, zona Sudeste de Juiz de Fora, na manh\u00e3 da ter\u00e7a-feira, 27. O crime foi cometido por um homem de 31 anos e, segundo [&hellip;]<\/p>\n","protected":false},"author":96,"featured_media":94731,"comment_status":"closed","ping_status":"closed","sticky":false,"template":"","format":"standard","meta":{"footnotes":""},"categories":[301],"tags":[],"class_list":["post-94732","post","type-post","status-publish","format-standard","has-post-thumbnail","hentry","category-artigos-policiais"],"_links":{"self":[{"href":"https:\/\/diarioregionaldigital.com.br\/index.php?rest_route=\/wp\/v2\/posts\/94732","targetHints":{"allow":["GET"]}}],"collection":[{"href":"https:\/\/diarioregionaldigital.com.br\/index.php?rest_route=\/wp\/v2\/posts"}],"about":[{"href":"https:\/\/diarioregionaldigital.com.br\/index.php?rest_route=\/wp\/v2\/types\/post"}],"author":[{"embeddable":true,"href":"https:\/\/diarioregionaldigital.com.br\/index.php?rest_route=\/wp\/v2\/users\/96"}],"replies":[{"embeddable":true,"href":"https:\/\/diarioregionaldigital.com.br\/index.php?rest_route=%2Fwp%2Fv2%2Fcomments&post=94732"}],"version-history":[{"count":0,"href":"https:\/\/diarioregionaldigital.com.br\/index.php?rest_route=\/wp\/v2\/posts\/94732\/revisions"}],"wp:featuredmedia":[{"embeddable":true,"href":"https:\/\/diarioregionaldigital.com.br\/index.php?rest_route=\/wp\/v2\/media\/94731"}],"wp:attachment":[{"href":"https:\/\/diarioregionaldigital.com.br\/index.php?rest_route=%2Fwp%2Fv2%2Fmedia&parent=94732"}],"wp:term":[{"taxonomy":"category","embeddable":true,"href":"https:\/\/diarioregionaldigital.com.br\/index.php?rest_route=%2Fwp%2Fv2%2Fcategories&post=94732"},{"taxonomy":"post_tag","embeddable":true,"href":"https:\/\/diarioregionaldigital.com.br\/index.php?rest_route=%2Fwp%2Fv2%2Ftags&post=94732"}],"curies":[{"name":"wp","href":"https:\/\/api.w.org\/{rel}","templated":true}]}}