{"id":94726,"date":"2018-03-27T23:48:29","date_gmt":"2018-03-28T02:48:29","guid":{"rendered":"http:\/\/diarioregionaljf.com.br\/2018\/03\/27\/henrique-meirelles-confirma-filiacao-ao-mdb\/"},"modified":"2018-03-27T23:48:29","modified_gmt":"2018-03-28T02:48:29","slug":"henrique-meirelles-confirma-filiacao-ao-mdb","status":"publish","type":"post","link":"https:\/\/diarioregionaldigital.com.br\/?p=94726","title":{"rendered":"Henrique Meirelles confirma filia\u00e7\u00e3o ao MDB"},"content":{"rendered":"<p>O ministro da Fazenda, Henrique Meirelles, confirmou h\u00e1 pouco a filia\u00e7\u00e3o ao MDB, partido do presidente Michel Temer. Em post na rede social Twitter, o ministro disse que s\u00f3 anunciar\u00e1 na pr\u00f3xima semana se vai disputar as elei\u00e7\u00f5es de outubro.<\/p>\n<p>\u201cTomei a decis\u00e3o de me filiar ao @PMDB_Nacional. \u00c9 nosso desafio aprofundar as mudan\u00e7as que tiraram o Brasil da pior crise de nossa hist\u00f3ria. Na pr\u00f3xima semana tomarei a decis\u00e3o se irei ou n\u00e3o me candidatar nas elei\u00e7\u00f5es de outubro\u201d, escreveu o ministro. \u201cEnquanto isso, sigo focado no trabalho no Minist\u00e9rio da Fazenda. Continuarei comprometido a trabalhar pelo Brasil\u201d, acrescentou.<\/p>\n<p>Meirelles estava filiado ao PSD. Minutos antes de anunciar a mudan\u00e7a de partido, ele usou a rede social para defender sua pol\u00edtica econ\u00f4mica. \u201cCoer\u00eancia \u00e9 um valor fundamental no debate sobre o futuro do Brasil. \u00c9 preciso deixar claro o que cada um defende. Minha linha sempre foi a mesma: estabilidade, controle dos gastos e da infla\u00e7\u00e3o, reformas etc. S\u00f3 assim vamos melhorar a renda e os servi\u00e7os para a popula\u00e7\u00e3o\u201d, postou.<\/p>\n<p>O ministro confirmou a ida ao MDB pouco antes de sair para reuni\u00e3o com o presidente Michel Temer, no Pal\u00e1cio do Planalto. Ele saiu sem falar com os jornalistas.<\/p>\n<hr \/>\n<p>&nbsp;Fonte: Ag\u00eancia Brasil<\/p>\n","protected":false},"excerpt":{"rendered":"<p>O ministro da Fazenda, Henrique Meirelles, confirmou h\u00e1 pouco a filia\u00e7\u00e3o ao MDB, partido do presidente Michel Temer. Em post na rede social Twitter, o ministro disse que s\u00f3 anunciar\u00e1 na pr\u00f3xima semana se vai disputar as elei\u00e7\u00f5es de outubro. \u201cTomei a decis\u00e3o de me filiar ao @PMDB_Nacional. \u00c9 nosso desafio aprofundar as mudan\u00e7as que [&hellip;]<\/p>\n","protected":false},"author":96,"featured_media":94725,"comment_status":"closed","ping_status":"closed","sticky":false,"template":"","format":"standard","meta":{"footnotes":""},"categories":[254],"tags":[],"class_list":["post-94726","post","type-post","status-publish","format-standard","has-post-thumbnail","hentry","category-politica"],"_links":{"self":[{"href":"https:\/\/diarioregionaldigital.com.br\/index.php?rest_route=\/wp\/v2\/posts\/94726","targetHints":{"allow":["GET"]}}],"collection":[{"href":"https:\/\/diarioregionaldigital.com.br\/index.php?rest_route=\/wp\/v2\/posts"}],"about":[{"href":"https:\/\/diarioregionaldigital.com.br\/index.php?rest_route=\/wp\/v2\/types\/post"}],"author":[{"embeddable":true,"href":"https:\/\/diarioregionaldigital.com.br\/index.php?rest_route=\/wp\/v2\/users\/96"}],"replies":[{"embeddable":true,"href":"https:\/\/diarioregionaldigital.com.br\/index.php?rest_route=%2Fwp%2Fv2%2Fcomments&post=94726"}],"version-history":[{"count":0,"href":"https:\/\/diarioregionaldigital.com.br\/index.php?rest_route=\/wp\/v2\/posts\/94726\/revisions"}],"wp:featuredmedia":[{"embeddable":true,"href":"https:\/\/diarioregionaldigital.com.br\/index.php?rest_route=\/wp\/v2\/media\/94725"}],"wp:attachment":[{"href":"https:\/\/diarioregionaldigital.com.br\/index.php?rest_route=%2Fwp%2Fv2%2Fmedia&parent=94726"}],"wp:term":[{"taxonomy":"category","embeddable":true,"href":"https:\/\/diarioregionaldigital.com.br\/index.php?rest_route=%2Fwp%2Fv2%2Fcategories&post=94726"},{"taxonomy":"post_tag","embeddable":true,"href":"https:\/\/diarioregionaldigital.com.br\/index.php?rest_route=%2Fwp%2Fv2%2Ftags&post=94726"}],"curies":[{"name":"wp","href":"https:\/\/api.w.org\/{rel}","templated":true}]}}