{"id":94722,"date":"2018-03-27T23:42:26","date_gmt":"2018-03-28T02:42:26","guid":{"rendered":"http:\/\/diarioregionaljf.com.br\/2018\/03\/27\/cni-apresenta-acoes-prioritarias-para-ampliar-insercao-do-brasil-no-exterior\/"},"modified":"2018-03-27T23:42:26","modified_gmt":"2018-03-28T02:42:26","slug":"cni-apresenta-acoes-prioritarias-para-ampliar-insercao-do-brasil-no-exterior","status":"publish","type":"post","link":"https:\/\/diarioregionaldigital.com.br\/?p=94722","title":{"rendered":"CNI apresenta a\u00e7\u00f5es priorit\u00e1rias para ampliar inser\u00e7\u00e3o do Brasil no exterior"},"content":{"rendered":"<p>A Confedera\u00e7\u00e3o Nacional da Ind\u00fastria (CNI) apresentou hoje, 27, a Agenda Internacional da Ind\u00fastria 2018, com 98 a\u00e7\u00f5es priorit\u00e1rias para facilitar e desburocratizar o com\u00e9rcio exterior e modernizar a pol\u00edtica comercial do pa\u00eds. Segundo a CNI, a sele\u00e7\u00e3o de prioridades \u00e9 resultado de ampla consulta a federa\u00e7\u00f5es, associa\u00e7\u00f5es, sindicatos patronais, al\u00e9m de empresas de todos os portes.<\/p>\n<p>No eixo que trata da pol\u00edtica comercial, a CNI destaca a import\u00e2ncia de concluir o acordo de livre com\u00e9rcio do Mercosul com a Uni\u00e3o Europeia e ampliar o acordo entre o Brasil e o M\u00e9xico. \u201cAo mesmo tempo, com a costura de novas parcerias comerciais, o Brasil precisa fortalecer seu sistema de defesa comercial, como meio de combater pr\u00e1ticas desleais\u201d, ressalta a entidade.<\/p>\n<p>Al\u00e9m disso, para a ind\u00fastria \u00e9 preciso implementar medidas de facilita\u00e7\u00e3o e desburocratiza\u00e7\u00e3o, como o Portal \u00danico de Com\u00e9rcio Exterior, e aperfei\u00e7oar outros, a exemplo do programa brasileiro de Operador Econ\u00f4mico Autorizado . Segundo a CNI, o atraso e a burocracia alfandeg\u00e1rios t\u00eam um custo equivalente a um imposto de 15% na exporta\u00e7\u00e3o e 14% na importa\u00e7\u00e3o brasileira.<\/p>\n<p>Entre as recomenda\u00e7\u00f5es da Agenda Internacional da Ind\u00fastria no eixo de servi\u00e7os de apoio \u00e0 internacionaliza\u00e7\u00e3o est\u00e1 a consolida\u00e7\u00e3o de servi\u00e7os que apoiem as empresas em seus planos de internacionaliza\u00e7\u00e3o. Um dos exemplos \u00e9 o Rota Global, programa da CNI financiado com recursos da iniciativa europeia AL-Invest, que est\u00e1 capacitando 450 empresas n\u00e3o exportadoras para buscarem oportunidades fora do pa\u00eds.<\/p>\n<p>Outra prioridade \u00e9 aprimorar a utiliza\u00e7\u00e3o do carn\u00ea de admiss\u00e3o tempor\u00e1ria, que simplifica e desburocratiza o processo de exporta\u00e7\u00e3o ou importa\u00e7\u00e3o tempor\u00e1ria de bens e permite que produtos circulem por 77 pa\u00edses sem a incid\u00eancia de impostos de importa\u00e7\u00e3o. Segundo a CNI, o documento \u00e9 pouco utilizado pelas empresas e enfrenta desafios operacionais nas aduanas.<\/p>\n<hr \/>\n<p>&nbsp;Fonte: Ag\u00eancia Brasil<\/p>\n","protected":false},"excerpt":{"rendered":"<p>A Confedera\u00e7\u00e3o Nacional da Ind\u00fastria (CNI) apresentou hoje, 27, a Agenda Internacional da Ind\u00fastria 2018, com 98 a\u00e7\u00f5es priorit\u00e1rias para facilitar e desburocratizar o com\u00e9rcio exterior e modernizar a pol\u00edtica comercial do pa\u00eds. Segundo a CNI, a sele\u00e7\u00e3o de prioridades \u00e9 resultado de ampla consulta a federa\u00e7\u00f5es, associa\u00e7\u00f5es, sindicatos patronais, al\u00e9m de empresas de todos [&hellip;]<\/p>\n","protected":false},"author":96,"featured_media":94721,"comment_status":"closed","ping_status":"closed","sticky":false,"template":"","format":"standard","meta":{"footnotes":""},"categories":[261],"tags":[],"class_list":["post-94722","post","type-post","status-publish","format-standard","has-post-thumbnail","hentry","category-economia"],"_links":{"self":[{"href":"https:\/\/diarioregionaldigital.com.br\/index.php?rest_route=\/wp\/v2\/posts\/94722","targetHints":{"allow":["GET"]}}],"collection":[{"href":"https:\/\/diarioregionaldigital.com.br\/index.php?rest_route=\/wp\/v2\/posts"}],"about":[{"href":"https:\/\/diarioregionaldigital.com.br\/index.php?rest_route=\/wp\/v2\/types\/post"}],"author":[{"embeddable":true,"href":"https:\/\/diarioregionaldigital.com.br\/index.php?rest_route=\/wp\/v2\/users\/96"}],"replies":[{"embeddable":true,"href":"https:\/\/diarioregionaldigital.com.br\/index.php?rest_route=%2Fwp%2Fv2%2Fcomments&post=94722"}],"version-history":[{"count":0,"href":"https:\/\/diarioregionaldigital.com.br\/index.php?rest_route=\/wp\/v2\/posts\/94722\/revisions"}],"wp:featuredmedia":[{"embeddable":true,"href":"https:\/\/diarioregionaldigital.com.br\/index.php?rest_route=\/wp\/v2\/media\/94721"}],"wp:attachment":[{"href":"https:\/\/diarioregionaldigital.com.br\/index.php?rest_route=%2Fwp%2Fv2%2Fmedia&parent=94722"}],"wp:term":[{"taxonomy":"category","embeddable":true,"href":"https:\/\/diarioregionaldigital.com.br\/index.php?rest_route=%2Fwp%2Fv2%2Fcategories&post=94722"},{"taxonomy":"post_tag","embeddable":true,"href":"https:\/\/diarioregionaldigital.com.br\/index.php?rest_route=%2Fwp%2Fv2%2Ftags&post=94722"}],"curies":[{"name":"wp","href":"https:\/\/api.w.org\/{rel}","templated":true}]}}