{"id":94718,"date":"2018-03-27T22:51:51","date_gmt":"2018-03-28T01:51:51","guid":{"rendered":"http:\/\/diarioregionaljf.com.br\/2018\/03\/27\/bidocentes-e-caminho-da-escola-sao-debatidos-por-comissoes\/"},"modified":"2018-03-27T22:51:51","modified_gmt":"2018-03-28T01:51:51","slug":"bidocentes-e-caminho-da-escola-sao-debatidos-por-comissoes","status":"publish","type":"post","link":"https:\/\/diarioregionaldigital.com.br\/?p=94718","title":{"rendered":"Bidocentes e Caminho da Escola s\u00e3o debatidos por comiss\u00f5es"},"content":{"rendered":"<p>As comiss\u00f5es de Defesa dos Direitos da Pessoa com Defici\u00eancia e de Educa\u00e7\u00e3o, Cultura, Turismo, Esporte e Lazer se reuniram nessa segunda-feira, 26, em car\u00e1ter extraordin\u00e1rio, para debater acerca dos professores bidocentes e sobre o programa estadual \u201cCaminho da Escola\u201d.<\/p>\n<p>Alguns pais de crian\u00e7as portadoras de autismo relataram que n\u00e3o h\u00e1 a regularidade do bidocente em sala de aula. Este profissional tem como finalidade auxiliar o desenvolvimento educacional de crian\u00e7as que possuem algum tipo de defici\u00eancia. Assim, elas t\u00eam mais chances de intera\u00e7\u00e3o e socializa\u00e7\u00e3o no ambiente escolar. A falta deste professor pode provocar a evas\u00e3o e excluir as crian\u00e7as do seu avan\u00e7o acad\u00eamico.<\/p>\n<p>J\u00e1 em rela\u00e7\u00e3o ao programa do Governo de Minas, a comiss\u00e3o relatou que o impasse trata-se de n\u00e3o haver um monitor que possa ajudar tanto no embarque como no desembarque dos estudantes.<\/p>\n<p>Outra reclama\u00e7\u00e3o feita por estes pais est\u00e1 relacionada ao atendimento no Cons\u00f3rcios Integrados de Transporte Urbano (Cinturb). Os pais de crian\u00e7as com autismo destacaram que essas n\u00e3o conseguem ficar em ambientes muito cheios e, por n\u00e3o conseguir esperar por muito tempo, solicitam um atendimento preferencial especial, uma vez que a demora pode ocasionar crise nos autistas. Quanto a esse entrave, a Secretaria de Transporte e Tr\u00e2nsito (Settra) ficou de dialogar com a empresa respons\u00e1vel pelo Cinturb para poder atender essa demanda.<\/p>\n<p>A comiss\u00e3o levantou a quest\u00e3o do passe livre para acompanhantes de pessoas com defici\u00eancia. Por\u00e9m, a Settra alegou que para atender este pedido cabe aos parlamentares criarem uma lei para ajudar \u00e0queles que necessitam.<\/p>\n<p>Como as pautas discutidas s\u00e3o complexas e precisam de uma reflex\u00e3o com outros agentes que n\u00e3o estavam presentes, a Comiss\u00e3o de Defesa dos Direitos da Pessoa com Defici\u00eancia decidiu discutir esses assuntos na pr\u00f3xima reuni\u00e3o mensal, agendada para o dia 16 de abril, \u00e0s 14h.<\/p>\n<p>Fonte: Assessoria<\/p>\n","protected":false},"excerpt":{"rendered":"<p>As comiss\u00f5es de Defesa dos Direitos da Pessoa com Defici\u00eancia e de Educa\u00e7\u00e3o, Cultura, Turismo, Esporte e Lazer se reuniram nessa segunda-feira, 26, em car\u00e1ter extraordin\u00e1rio, para debater acerca dos professores bidocentes e sobre o programa estadual \u201cCaminho da Escola\u201d. Alguns pais de crian\u00e7as portadoras de autismo relataram que n\u00e3o h\u00e1 a regularidade do bidocente [&hellip;]<\/p>\n","protected":false},"author":96,"featured_media":94717,"comment_status":"closed","ping_status":"closed","sticky":false,"template":"","format":"standard","meta":{"footnotes":""},"categories":[254],"tags":[],"class_list":["post-94718","post","type-post","status-publish","format-standard","has-post-thumbnail","hentry","category-politica"],"_links":{"self":[{"href":"https:\/\/diarioregionaldigital.com.br\/index.php?rest_route=\/wp\/v2\/posts\/94718","targetHints":{"allow":["GET"]}}],"collection":[{"href":"https:\/\/diarioregionaldigital.com.br\/index.php?rest_route=\/wp\/v2\/posts"}],"about":[{"href":"https:\/\/diarioregionaldigital.com.br\/index.php?rest_route=\/wp\/v2\/types\/post"}],"author":[{"embeddable":true,"href":"https:\/\/diarioregionaldigital.com.br\/index.php?rest_route=\/wp\/v2\/users\/96"}],"replies":[{"embeddable":true,"href":"https:\/\/diarioregionaldigital.com.br\/index.php?rest_route=%2Fwp%2Fv2%2Fcomments&post=94718"}],"version-history":[{"count":0,"href":"https:\/\/diarioregionaldigital.com.br\/index.php?rest_route=\/wp\/v2\/posts\/94718\/revisions"}],"wp:featuredmedia":[{"embeddable":true,"href":"https:\/\/diarioregionaldigital.com.br\/index.php?rest_route=\/wp\/v2\/media\/94717"}],"wp:attachment":[{"href":"https:\/\/diarioregionaldigital.com.br\/index.php?rest_route=%2Fwp%2Fv2%2Fmedia&parent=94718"}],"wp:term":[{"taxonomy":"category","embeddable":true,"href":"https:\/\/diarioregionaldigital.com.br\/index.php?rest_route=%2Fwp%2Fv2%2Fcategories&post=94718"},{"taxonomy":"post_tag","embeddable":true,"href":"https:\/\/diarioregionaldigital.com.br\/index.php?rest_route=%2Fwp%2Fv2%2Ftags&post=94718"}],"curies":[{"name":"wp","href":"https:\/\/api.w.org\/{rel}","templated":true}]}}