{"id":94712,"date":"2018-03-27T22:37:42","date_gmt":"2018-03-28T01:37:42","guid":{"rendered":"http:\/\/diarioregionaljf.com.br\/2018\/03\/27\/receita-ja-recebeu-mais-de-5-5-milhoes-de-declaracoes-do-irpf-2018\/"},"modified":"2018-03-27T22:37:42","modified_gmt":"2018-03-28T01:37:42","slug":"receita-ja-recebeu-mais-de-5-5-milhoes-de-declaracoes-do-irpf-2018","status":"publish","type":"post","link":"https:\/\/diarioregionaldigital.com.br\/?p=94712","title":{"rendered":"Receita j\u00e1 recebeu mais de 5,5 milh\u00f5es de declara\u00e7\u00f5es do IRPF 2018"},"content":{"rendered":"<p>Os sistemas da Receita Federal receberam, at\u00e9 as 17h dessa segunda-feira, 26, 5.557.060 declara\u00e7\u00f5es do Imposto de Renda. De acordo com o supervisor nacional do IR, auditor fiscal Joaquim Adir, a expectativa \u00e9 que 28,8 milh\u00f5es de contribuintes entreguem a declara\u00e7\u00e3o. O prazo de entrega vai at\u00e9 30 de abril.<\/p>\n<p>A Receita alerta que os contribuintes que perderem o prazo estar\u00e3o sujeitos ao pagamento de multa m\u00ednima de R$165,74 e m\u00e1xima de 20% do imposto devido. Neste ano \u00e9 obrigat\u00f3rio informar o CPF de dependentes a partir de oito anos ou mais, completados at\u00e9 a data de 31\/12\/2017.<\/p>\n<p><img loading=\"lazy\" decoding=\"async\" class=\" size-full wp-image-94711\" src=\"http:\/\/diarioregionaljf.com.br\/wp-content\/uploads\/2018\/03\/diario-int-25478-1.jpeg\" alt=\"prazo.jpeg\" style=\"display: block; margin-left: auto; margin-right: auto;\" width=\"680\" height=\"317\" srcset=\"https:\/\/diarioregionaldigital.com.br\/wp-content\/uploads\/2018\/03\/diario-int-25478-1.jpeg 680w, https:\/\/diarioregionaldigital.com.br\/wp-content\/uploads\/2018\/03\/diario-int-25478-1-300x140.jpeg 300w, https:\/\/diarioregionaldigital.com.br\/wp-content\/uploads\/2018\/03\/diario-int-25478-1-360x168.jpeg 360w\" sizes=\"auto, (max-width: 680px) 100vw, 680px\" \/><\/p>\n<p>Fonte: Portal Brasil<\/p>\n","protected":false},"excerpt":{"rendered":"<p>Os sistemas da Receita Federal receberam, at\u00e9 as 17h dessa segunda-feira, 26, 5.557.060 declara\u00e7\u00f5es do Imposto de Renda. De acordo com o supervisor nacional do IR, auditor fiscal Joaquim Adir, a expectativa \u00e9 que 28,8 milh\u00f5es de contribuintes entreguem a declara\u00e7\u00e3o. O prazo de entrega vai at\u00e9 30 de abril. A Receita alerta que os [&hellip;]<\/p>\n","protected":false},"author":96,"featured_media":94710,"comment_status":"closed","ping_status":"closed","sticky":false,"template":"","format":"standard","meta":{"footnotes":""},"categories":[261],"tags":[],"class_list":["post-94712","post","type-post","status-publish","format-standard","has-post-thumbnail","hentry","category-economia"],"_links":{"self":[{"href":"https:\/\/diarioregionaldigital.com.br\/index.php?rest_route=\/wp\/v2\/posts\/94712","targetHints":{"allow":["GET"]}}],"collection":[{"href":"https:\/\/diarioregionaldigital.com.br\/index.php?rest_route=\/wp\/v2\/posts"}],"about":[{"href":"https:\/\/diarioregionaldigital.com.br\/index.php?rest_route=\/wp\/v2\/types\/post"}],"author":[{"embeddable":true,"href":"https:\/\/diarioregionaldigital.com.br\/index.php?rest_route=\/wp\/v2\/users\/96"}],"replies":[{"embeddable":true,"href":"https:\/\/diarioregionaldigital.com.br\/index.php?rest_route=%2Fwp%2Fv2%2Fcomments&post=94712"}],"version-history":[{"count":0,"href":"https:\/\/diarioregionaldigital.com.br\/index.php?rest_route=\/wp\/v2\/posts\/94712\/revisions"}],"wp:featuredmedia":[{"embeddable":true,"href":"https:\/\/diarioregionaldigital.com.br\/index.php?rest_route=\/wp\/v2\/media\/94710"}],"wp:attachment":[{"href":"https:\/\/diarioregionaldigital.com.br\/index.php?rest_route=%2Fwp%2Fv2%2Fmedia&parent=94712"}],"wp:term":[{"taxonomy":"category","embeddable":true,"href":"https:\/\/diarioregionaldigital.com.br\/index.php?rest_route=%2Fwp%2Fv2%2Fcategories&post=94712"},{"taxonomy":"post_tag","embeddable":true,"href":"https:\/\/diarioregionaldigital.com.br\/index.php?rest_route=%2Fwp%2Fv2%2Ftags&post=94712"}],"curies":[{"name":"wp","href":"https:\/\/api.w.org\/{rel}","templated":true}]}}