{"id":94709,"date":"2018-03-27T22:33:09","date_gmt":"2018-03-28T01:33:09","guid":{"rendered":"http:\/\/diarioregionaljf.com.br\/2018\/03\/27\/entrevista-com-juiz-sergio-moro\/"},"modified":"2018-03-27T22:33:09","modified_gmt":"2018-03-28T01:33:09","slug":"entrevista-com-juiz-sergio-moro","status":"publish","type":"post","link":"https:\/\/diarioregionaldigital.com.br\/?p=94709","title":{"rendered":"Entrevista com juiz S\u00e9rgio Moro na TV Cultura marca grande audi\u00eancia e repercuss\u00e3o nas redes sociais"},"content":{"rendered":"<p>Nessa segunda-feira, 26, o programa Roda Viva da TV cultura transmitida pela TVE Juiz de Fora, recebeu S\u00e9rgio Moro na primeira entrevista ao vivo concedida pelo juiz da Lava Jato \u00e0 televis\u00e3o brasileira. A edi\u00e7\u00e3o especial tamb\u00e9m marca a despedida do apresentador Augusto Nunes, que esteve \u00e0 frente do jornal\u00edstico nos \u00faltimos cinco anos.<\/p>\n<p>Ap\u00f3s 4 anos, a Lava Jato j\u00e1 localizou 11,5 bilh\u00f5es de reais desviados de empresas estatais, dos quais 1 bilh\u00e3o e 900 milh\u00f5es j\u00e1 retornaram aos cofres p\u00fablicos. No entanto, muito se discute sobre a possibilidade da opera\u00e7\u00e3o perder for\u00e7a e sofrer eventuais retrocessos, algo semelhante ao que ocorreu com a Opera\u00e7\u00e3o M\u00e3os Limpas, na It\u00e1lia. Uma das principais amea\u00e7as \u00e9 a suspens\u00e3o da pris\u00e3o de condenados em segunda inst\u00e2ncia, que poderia ser encarada como um sinal de derrocada.<\/p>\n<p>Dentro desse contexto, o juiz S\u00e9rgio Moro, um dos nomes mais significativos da opera\u00e7\u00e3o, foi ao Roda Viva para conceder esta primeira entrevista ao vivo sobre esses temas. Ele respondeu sobre quest\u00f5es do funcionamento da Lava Jato, os resultados alcan\u00e7ados ap\u00f3s 4 anos de opera\u00e7\u00e3o e os encargos que cabem a ele enquanto juiz federal da 13\u00aa Vara Criminal Federal.<\/p>\n<p>Moro disse torcer para que o Supremo Tribunal Federal (STF) \u201ctome a melhor decis\u00e3o\u201d no caso do petista e reiterou sua defesa enf\u00e1tica pela execu\u00e7\u00e3o das penas a partir da condena\u00e7\u00e3o em segunda inst\u00e2ncia. O magistrado defendeu que, caso o tribunal reveja seu atual entendimento, os brasileiros cobrem de seus candidatos a possibilidade de reinstituir a pris\u00e3o provis\u00f3ria por meio de uma proposta de emenda \u00e0 Constitui\u00e7\u00e3o (PEC).<\/p>\n<p>O juiz da Lava Jato alegou ainda que apenas cumpriria as ordens do Tribunal Regional Federal da 4\u00aa Regi\u00e3o (TRF4) caso venha a determinar a pris\u00e3o do ex-presidente. Condenado a 12 anos e um m\u00eas de pris\u00e3o, Lula pode ser preso a qualquer momento caso o Supremo rejeite seu habeas corpus preventivo, cuja discuss\u00e3o ser\u00e1 retomada no pr\u00f3ximo dia 4 de abril.Entre outros temas, Sergio Moro ainda negou que tenha pedido desculpas por ter tornado p\u00fablica uma pol\u00eamica grava\u00e7\u00e3o entre os ex-presidentes Lula e Dilma Rousseff (PT).<\/p>\n<p>O magistrado tamb\u00e9m falou sobre as cr\u00edticas por receber aux\u00edlio-moradia, as acusa\u00e7\u00f5es contra ele feitas pelo ex-advogado da Odebrecht Rodrigo Tacla Duran e as pris\u00f5es preventivas.<\/p>\n<h4>REPERCURS\u00c3O<\/h4>\n<p>A entrevista com Sergio Moro foi a mais vista da hist\u00f3ria do programa Roda Viva. Segundo o site R7, \u201cna medi\u00e7\u00e3o pr\u00e9via minuto a minuto do Ibope na Grande S\u00e3o Paulo, a TV Cultura atingiu quatro pontos na faixa das 22h50 \u00e0s 23h00.<\/p>\n<p>No Twitter, a entrevista de Moro chegou a liderar o ranking dos assuntos mais comentados no Brasil e no mundo.\u201d<\/p>\n","protected":false},"excerpt":{"rendered":"<p>Nessa segunda-feira, 26, o programa Roda Viva da TV cultura transmitida pela TVE Juiz de Fora, recebeu S\u00e9rgio Moro na primeira entrevista ao vivo concedida pelo juiz da Lava Jato \u00e0 televis\u00e3o brasileira. A edi\u00e7\u00e3o especial tamb\u00e9m marca a despedida do apresentador Augusto Nunes, que esteve \u00e0 frente do jornal\u00edstico nos \u00faltimos cinco anos. Ap\u00f3s [&hellip;]<\/p>\n","protected":false},"author":96,"featured_media":94708,"comment_status":"closed","ping_status":"closed","sticky":false,"template":"","format":"standard","meta":{"footnotes":""},"categories":[253],"tags":[],"class_list":["post-94709","post","type-post","status-publish","format-standard","has-post-thumbnail","hentry","category-cidade"],"_links":{"self":[{"href":"https:\/\/diarioregionaldigital.com.br\/index.php?rest_route=\/wp\/v2\/posts\/94709","targetHints":{"allow":["GET"]}}],"collection":[{"href":"https:\/\/diarioregionaldigital.com.br\/index.php?rest_route=\/wp\/v2\/posts"}],"about":[{"href":"https:\/\/diarioregionaldigital.com.br\/index.php?rest_route=\/wp\/v2\/types\/post"}],"author":[{"embeddable":true,"href":"https:\/\/diarioregionaldigital.com.br\/index.php?rest_route=\/wp\/v2\/users\/96"}],"replies":[{"embeddable":true,"href":"https:\/\/diarioregionaldigital.com.br\/index.php?rest_route=%2Fwp%2Fv2%2Fcomments&post=94709"}],"version-history":[{"count":0,"href":"https:\/\/diarioregionaldigital.com.br\/index.php?rest_route=\/wp\/v2\/posts\/94709\/revisions"}],"wp:featuredmedia":[{"embeddable":true,"href":"https:\/\/diarioregionaldigital.com.br\/index.php?rest_route=\/wp\/v2\/media\/94708"}],"wp:attachment":[{"href":"https:\/\/diarioregionaldigital.com.br\/index.php?rest_route=%2Fwp%2Fv2%2Fmedia&parent=94709"}],"wp:term":[{"taxonomy":"category","embeddable":true,"href":"https:\/\/diarioregionaldigital.com.br\/index.php?rest_route=%2Fwp%2Fv2%2Fcategories&post=94709"},{"taxonomy":"post_tag","embeddable":true,"href":"https:\/\/diarioregionaldigital.com.br\/index.php?rest_route=%2Fwp%2Fv2%2Ftags&post=94709"}],"curies":[{"name":"wp","href":"https:\/\/api.w.org\/{rel}","templated":true}]}}