{"id":94707,"date":"2018-03-27T22:30:34","date_gmt":"2018-03-28T01:30:34","guid":{"rendered":"http:\/\/diarioregionaljf.com.br\/2018\/03\/27\/pjf-lanca-edital-para-ampliar-pontos-de-wi-fi-gratuito-na-cidade\/"},"modified":"2018-03-27T22:30:34","modified_gmt":"2018-03-28T01:30:34","slug":"pjf-lanca-edital-para-ampliar-pontos-de-wi-fi-gratuito-na-cidade","status":"publish","type":"post","link":"https:\/\/diarioregionaldigital.com.br\/?p=94707","title":{"rendered":"PJF lan\u00e7a edital para ampliar pontos de wi-fi gratuito na cidade"},"content":{"rendered":"<p style=\"text-align: justify;\">A Prefeitura de Juiz de Fora (PJF) lan\u00e7ou um chamamento p\u00fablico que visa ampliar o n\u00famero de pontos p\u00fablicos de internet gratuita na cidade. O edital foi publicado nesta ter\u00e7a-feira, 27, no Di\u00e1rio Oficial do Munic\u00edpio e vai credenciar as empresas interessadas em oferecer o servi\u00e7o, dentro do programa JF+Digital.<\/p>\n<p style=\"text-align: justify;\">\u201cDesde 2015, n\u00f3s temos colocado internet gratuita em v\u00e1rios pontos da cidade. S\u00e3o pra\u00e7as e \u00f4nibus de Juiz de Fora, onde colocamos wi-fi para que a popula\u00e7\u00e3o possa se conectar. Agora, vamos ampliar esse processo e queremos ter dezenas de novos espa\u00e7os com wi-fi gratuito\u201d, ressaltou o prefeito Bruno Siqueira em um v\u00eddeo postado em sua p\u00e1gina no Facebook.<\/p>\n<p style=\"text-align: justify;\">Na publica\u00e7\u00e3o, o chefe do Executivo afirmou que al\u00e9m dos 11 pontos de internet gratuita j\u00e1 instalados na cidade, outros 115 locais est\u00e3o mapeados e dispon\u00edveis para a instala\u00e7\u00e3o. S\u00e3o mais de 70 localidades, como o Parque da Lajinha e pra\u00e7as de todas as regi\u00f5es do munic\u00edpio, e 37 pontos de \u00f4nibus.<\/p>\n<p style=\"text-align: justify;\">Conforme o edital, o julgamento ser\u00e1 realizado para cada uma das pra\u00e7as e pontos de \u00f4nibus, sendo classificada em primeiro lugar a empresa que apresentar o maior n\u00famero de usu\u00e1rios conectados a 512 Kbps. E a empresa vencedora poder\u00e1 confeccionar o cadastro de usu\u00e1rios, para seu uso exclusivo, e explorar modalidades de publicidade digital, por meio de exibi\u00e7\u00e3o de imagens est\u00e1ticas ou v\u00eddeos.<\/p>\n<p style=\"text-align: justify;\">A sele\u00e7\u00e3o ocorre \u00e0s 9h30 do dia 17 de abril, na sede da Prefeitura.<\/p>\n<h4 style=\"text-align: justify;\">JF+DIGITAL<\/h4>\n<p style=\"text-align: justify;\">O programa foi implantado em 2015 e soma mais de tr\u00eas milh\u00f5es de conex\u00f5es e tem cerca de 150 mil usu\u00e1rios cadastrados.Segundo o prefeito, o \u00faltimo ranking da Urban Systems indica que Juiz de Fora avan\u00e7ou e hoje est\u00e1 entre as cidades mais inteligentes do Brasil, sendo a segunda de Minas Gerais.<\/p>\n<h5>CONFIRA AS PRA\u00c7AS QUE PODEM RECEBER O SERVI\u00c7O:<\/h5>\n<table style=\"width: 780px;\">\n<tbody>\n<tr>\n<td style=\"text-align: center;\">\n<p><strong>Bairro<\/strong><\/p>\n<\/td>\n<td style=\"text-align: center;\">\n<p><strong>Pra\u00e7a<\/strong><\/p>\n<\/td>\n<\/tr>\n<tr>\n<td style=\"text-align: center;\">\n<p>Marumbi<\/p>\n<\/td>\n<td style=\"text-align: center;\">\n<p>Pra\u00e7a Alcides Assis de Almeida<\/p>\n<\/td>\n<\/tr>\n<tr>\n<td style=\"text-align: center;\">\n<p>Bairu<\/p>\n<\/td>\n<td style=\"text-align: center;\">\n<p>Pra\u00e7a \u00c1lvaro Braga<\/p>\n<\/td>\n<\/tr>\n<tr>\n<td style=\"text-align: center;\">\n<p>Nova Benfica<\/p>\n<\/td>\n<td style=\"text-align: center;\">\n<p>Pra\u00e7a Am\u00e9rica Campos Machado<\/p>\n<\/td>\n<\/tr>\n<tr>\n<td style=\"text-align: center;\">\n<p>Barreira do Triunfo<\/p>\n<\/td>\n<td style=\"text-align: center;\">\n<p>Pra\u00e7a Ana Esm\u00e9ria<\/p>\n<\/td>\n<\/tr>\n<tr>\n<td style=\"text-align: center;\">\n<p>Bairro Ara\u00fajo<\/p>\n<\/td>\n<td style=\"text-align: center;\">\n<p>Pra\u00e7a Ant\u00f4nio Loures Campos<\/p>\n<\/td>\n<\/tr>\n<tr>\n<td style=\"text-align: center;\">\n<p>N\u00facleo Urbano de Ros\u00e1rio de Minas<\/p>\n<\/td>\n<td style=\"text-align: center;\">\n<p>Pra\u00e7a Argentino Marques de Oliveira<\/p>\n<\/td>\n<\/tr>\n<tr>\n<td style=\"text-align: center;\">\n<p>Bandeirantes<\/p>\n<\/td>\n<td style=\"text-align: center;\">\n<p>Pra\u00e7a Artur Bernardes<\/p>\n<\/td>\n<\/tr>\n<tr>\n<td style=\"text-align: center;\">\n<p>Mu\u00e7ung\u00ea do Grama<\/p>\n<\/td>\n<td style=\"text-align: center;\">\n<p>Pra\u00e7a \u00c1ureo Gomes Carneiro<\/p>\n<\/td>\n<\/tr>\n<tr>\n<td style=\"text-align: center;\">\n<p>Bairro Industrial<\/p>\n<\/td>\n<td style=\"text-align: center;\">\n<p>Pra\u00e7a Carlos Melito Ferrarez<\/p>\n<\/td>\n<\/tr>\n<tr>\n<td style=\"text-align: center;\">\n<p>Granbery<\/p>\n<\/td>\n<td style=\"text-align: center;\">\n<p>Pra\u00e7a Carlos Rutier<\/p>\n<\/td>\n<\/tr>\n<tr>\n<td style=\"text-align: center;\">\n<p>Paineiras<\/p>\n<\/td>\n<td style=\"text-align: center;\">\n<p>Pra\u00e7a Coronel Apr\u00edgio<\/p>\n<\/td>\n<\/tr>\n<tr>\n<td style=\"text-align: center;\">\n<p>Santa Efig\u00eania<\/p>\n<\/td>\n<td style=\"text-align: center;\">\n<p>Pra\u00e7a da Independ\u00eancia<\/p>\n<\/td>\n<\/tr>\n<tr>\n<td style=\"text-align: center;\">\n<p>Vila Esperan\u00e7a I<\/p>\n<\/td>\n<td style=\"text-align: center;\">\n<p>Pra\u00e7a da Vila Esperan\u00e7a<\/p>\n<\/td>\n<\/tr>\n<tr>\n<td style=\"text-align: center;\">\n<p>Graminha<\/p>\n<\/td>\n<td style=\"text-align: center;\">\n<p>Pra\u00e7a de Desportos Izolino Gon\u00e7alves Coelho<\/p>\n<\/td>\n<\/tr>\n<tr>\n<td style=\"text-align: center;\">\n<p>Nossa Senhora das Gra\u00e7as<\/p>\n<\/td>\n<td style=\"text-align: center;\">\n<p>Pra\u00e7a de Esporte e Lazer Arnaldo Rold\u00e3o<\/p>\n<\/td>\n<\/tr>\n<tr>\n<td style=\"text-align: center;\">\n<p>Bairro F\u00e1brica<\/p>\n<\/td>\n<td style=\"text-align: center;\">\n<p>Pra\u00e7a de Esporte e Lazer Carmen Villar<\/p>\n<\/td>\n<\/tr>\n<tr>\n<td style=\"text-align: center;\">\n<p>Linhares<\/p>\n<\/td>\n<td style=\"text-align: center;\">\n<p>Pra\u00e7a de Esportes Dejair Dias Ferreira<\/p>\n<\/td>\n<\/tr>\n<tr>\n<td style=\"text-align: center;\">\n<p>N\u00e1utico<\/p>\n<\/td>\n<td style=\"text-align: center;\">\n<p>Pra\u00e7a de Esportes Heider \u00c2ngelo Marsicano<\/p>\n<\/td>\n<\/tr>\n<tr>\n<td style=\"text-align: center;\">\n<p>Vitorino Braga<\/p>\n<\/td>\n<td style=\"text-align: center;\">\n<p>Pra\u00e7a de Esportes Jair Costa<\/p>\n<\/td>\n<\/tr>\n<tr>\n<td style=\"text-align: center;\">\n<p>Progresso<\/p>\n<\/td>\n<td style=\"text-align: center;\">\n<p>Pra\u00e7a de Esportes Jos\u00e9 Petrato<\/p>\n<\/td>\n<\/tr>\n<tr>\n<td style=\"text-align: center;\">\n<p>Santa Paula<\/p>\n<\/td>\n<td style=\"text-align: center;\">\n<p>Pra\u00e7a de Santa Paula<\/p>\n<\/td>\n<\/tr>\n<tr>\n<td style=\"text-align: center;\">\n<p>Santa Terezinha<\/p>\n<\/td>\n<td style=\"text-align: center;\">\n<p>Pra\u00e7a de Santa Terezinha<\/p>\n<\/td>\n<\/tr>\n<tr>\n<td style=\"text-align: center;\">\n<p>S\u00e3o Judas Tadeu<\/p>\n<\/td>\n<td style=\"text-align: center;\">\n<p>Pra\u00e7a de S\u00e3o Judas Tadeu<\/p>\n<\/td>\n<\/tr>\n<tr>\n<td style=\"text-align: center;\">\n<p>Cai\u00e7aras<\/p>\n<\/td>\n<td style=\"text-align: center;\">\n<p>Pra\u00e7a D\u00e9a Caputo Monachesi<\/p>\n<\/td>\n<\/tr>\n<tr>\n<td style=\"text-align: center;\">\n<p>S\u00e3o Mateus<\/p>\n<\/td>\n<td style=\"text-align: center;\">\n<p>Pra\u00e7a Dep. Jarbas de Lery Santos<\/p>\n<\/td>\n<\/tr>\n<tr>\n<td style=\"text-align: center;\">\n<p>Ponte Preta<\/p>\n<\/td>\n<td style=\"text-align: center;\">\n<p>Pra\u00e7a Dorvina Maria Barbosa<\/p>\n<\/td>\n<\/tr>\n<tr>\n<td style=\"text-align: center;\">\n<p>Centro<\/p>\n<\/td>\n<td style=\"text-align: center;\">\n<p>Pra\u00e7a dos Tr\u00eas Poderes<\/p>\n<\/td>\n<\/tr>\n<tr>\n<td style=\"text-align: center;\">\n<p>Santos Anjos<\/p>\n<\/td>\n<td style=\"text-align: center;\">\n<p>Pra\u00e7a Doutor Jo\u00e3o Fel\u00edcio<\/p>\n<\/td>\n<\/tr>\n<tr>\n<td style=\"text-align: center;\">\n<p>Graja\u00fa<\/p>\n<\/td>\n<td style=\"text-align: center;\">\n<p>Pra\u00e7a Doutor Pedro Batista Martins<\/p>\n<\/td>\n<\/tr>\n<tr>\n<td style=\"text-align: center;\">\n<p>Jardim do Sol<\/p>\n<\/td>\n<td style=\"text-align: center;\">\n<p>Pra\u00e7a Francisco Bellei<\/p>\n<\/td>\n<\/tr>\n<tr>\n<td style=\"text-align: center;\">\n<p>Monte Castelo<\/p>\n<\/td>\n<td style=\"text-align: center;\">\n<p>Pra\u00e7a Francisdo Assis Lopes<\/p>\n<\/td>\n<\/tr>\n<tr>\n<td style=\"text-align: center;\">\n<p>Centro<\/p>\n<\/td>\n<td style=\"text-align: center;\">\n<p>Pra\u00e7a Godofredo Bazili\u00e7o Botelho<\/p>\n<\/td>\n<\/tr>\n<tr>\n<td style=\"text-align: center;\">\n<p>Morro do Cristo<\/p>\n<\/td>\n<td style=\"text-align: center;\">\n<p>Pra\u00e7a Gudesteu Mendes<\/p>\n<\/td>\n<\/tr>\n<tr>\n<td style=\"text-align: center;\">\n<p>Santos Anjos<\/p>\n<\/td>\n<td style=\"text-align: center;\">\n<p>Pra\u00e7a Hamilton Alves da Costa<\/p>\n<\/td>\n<\/tr>\n<tr>\n<td style=\"text-align: center;\">\n<p>Joquei Clube<\/p>\n<\/td>\n<td style=\"text-align: center;\">\n<p>Pra\u00e7a Ideor Nunes de Souza<\/p>\n<\/td>\n<\/tr>\n<tr>\n<td style=\"text-align: center;\">\n<p>Jardim Esperan\u00e7a<\/p>\n<\/td>\n<td style=\"text-align: center;\">\n<p>Pra\u00e7a Jo\u00e3o Alvares de Assis<\/p>\n<\/td>\n<\/tr>\n<tr>\n<td style=\"text-align: center;\">\n<p>Nova Era II<\/p>\n<\/td>\n<td style=\"text-align: center;\">\n<p>Pra\u00e7a Jo\u00e3o Bernardino Pires<\/p>\n<\/td>\n<\/tr>\n<tr>\n<td style=\"text-align: center;\">\n<p>Democrata<\/p>\n<\/td>\n<td style=\"text-align: center;\">\n<p>Pra\u00e7a Jo\u00e3o Raphael Zacharias<\/p>\n<\/td>\n<\/tr>\n<tr>\n<td style=\"text-align: center;\">\n<p>Paula Lima<\/p>\n<\/td>\n<td style=\"text-align: center;\">\n<p>Pra\u00e7a Joaquim Fel\u00edcio Ribeiro Filho<\/p>\n<\/td>\n<\/tr>\n<tr>\n<td style=\"text-align: center;\">\n<p>Santos Dumont<\/p>\n<\/td>\n<td style=\"text-align: center;\">\n<p>Pra\u00e7a Jornalista D\u00e9cio Lopes<\/p>\n<\/td>\n<\/tr>\n<tr>\n<td style=\"text-align: center;\">\n<p>N\u00facleo Urbano Monte Verde<\/p>\n<\/td>\n<td style=\"text-align: center;\">\n<p>Pra\u00e7a Jos\u00e9 Anast\u00e1cio de Lima<\/p>\n<\/td>\n<\/tr>\n<tr>\n<td style=\"text-align: center;\">\n<p>Vila Ideal<\/p>\n<\/td>\n<td style=\"text-align: center;\">\n<p>Pra\u00e7a Jos\u00e9 de Castro Barbosa<\/p>\n<\/td>\n<\/tr>\n<tr>\n<td style=\"text-align: center;\">\n<p>Nossa Senhora do L\u00edbano<\/p>\n<\/td>\n<td style=\"text-align: center;\">\n<p>Pra\u00e7a Jos\u00e9 Gomes da Silva<\/p>\n<\/td>\n<\/tr>\n<tr>\n<td style=\"text-align: center;\">\n<p>Esplanada<\/p>\n<\/td>\n<td style=\"text-align: center;\">\n<p>Pra\u00e7a Jos\u00e9 Gomes Filho<\/p>\n<\/td>\n<\/tr>\n<tr>\n<td style=\"text-align: center;\">\n<p>Chap\u00e9u D\u2019Uvas<\/p>\n<\/td>\n<td style=\"text-align: center;\">\n<p>Pra\u00e7a Jos\u00e9 Vieira Tavares<\/p>\n<\/td>\n<\/tr>\n<tr>\n<td style=\"text-align: center;\">\n<p>Eldorado<\/p>\n<\/td>\n<td style=\"text-align: center;\">\n<p>Pra\u00e7a Major Esteves<\/p>\n<\/td>\n<\/tr>\n<tr>\n<td style=\"text-align: center;\">\n<p>N\u00facleo Urbano de Torre\u00f5es<\/p>\n<\/td>\n<td style=\"text-align: center;\">\n<p>Pra\u00e7a Manoel Jacinto de Oliveira<\/p>\n<\/td>\n<\/tr>\n<tr>\n<td style=\"text-align: center;\">\n<p>Santa Cruz<\/p>\n<\/td>\n<td style=\"text-align: center;\">\n<p>Pra\u00e7a Manoel Nunes<\/p>\n<\/td>\n<\/tr>\n<tr>\n<td style=\"text-align: center;\">\n<p>Vale Verde<\/p>\n<\/td>\n<td style=\"text-align: center;\">\n<p>Pra\u00e7a Maria Euz\u00e9bia Delfino<\/p>\n<\/td>\n<\/tr>\n<tr>\n<td style=\"text-align: center;\">\n<p>S\u00e3o Benedito<\/p>\n<\/td>\n<td style=\"text-align: center;\">\n<p>Pra\u00e7a Maria Illydia Rezende de Andrade<\/p>\n<\/td>\n<\/tr>\n<tr>\n<td style=\"text-align: center;\">\n<p>Mariano Proc\u00f3pio<\/p>\n<\/td>\n<td style=\"text-align: center;\">\n<p>Pra\u00e7a Maria Lage<\/p>\n<\/td>\n<\/tr>\n<tr>\n<td style=\"text-align: center;\">\n<p>Santa Helena<\/p>\n<\/td>\n<td style=\"text-align: center;\">\n<p>Pra\u00e7a Menelick de Carvalho<\/p>\n<\/td>\n<\/tr>\n<tr>\n<td style=\"text-align: center;\">\n<p>Alto dos Passos<\/p>\n<\/td>\n<td style=\"text-align: center;\">\n<p>Pra\u00e7a Mozart Geraldo Teixeira<\/p>\n<\/td>\n<\/tr>\n<tr>\n<td style=\"text-align: center;\">\n<p>Santo Ant\u00f4nio<\/p>\n<\/td>\n<td style=\"text-align: center;\">\n<p>Pra\u00e7a Nilo Sotto Maior<\/p>\n<\/td>\n<\/tr>\n<tr>\n<td style=\"text-align: center;\">\n<p>Parque das Torres<\/p>\n<\/td>\n<td style=\"text-align: center;\">\n<p>Pra\u00e7a Oleg\u00e1rio Filgueiras Filho<\/p>\n<\/td>\n<\/tr>\n<tr>\n<td style=\"text-align: center;\">\n<p>N\u00facleo Urbano de Humait\u00e1<\/p>\n<\/td>\n<td style=\"text-align: center;\">\n<p>Pra\u00e7a Padre Caetano Nav\u00e1zio<\/p>\n<\/td>\n<\/tr>\n<tr>\n<td style=\"text-align: center;\">\n<p>Santa Luzia<\/p>\n<\/td>\n<td style=\"text-align: center;\">\n<p>Pra\u00e7a Padre Geraldo Pelzers<\/p>\n<\/td>\n<\/tr>\n<tr>\n<td style=\"text-align: center;\">\n<p>N\u00facleo Urbano de Caet\u00e9s<\/p>\n<\/td>\n<td style=\"text-align: center;\">\n<p>Pra\u00e7a Paulo de Lima<\/p>\n<\/td>\n<\/tr>\n<tr>\n<td style=\"text-align: center;\">\n<p>Milho Branco<\/p>\n<\/td>\n<td style=\"text-align: center;\">\n<p>Pra\u00e7a Paulo de Souza Lamarca<\/p>\n<\/td>\n<\/tr>\n<tr>\n<td style=\"text-align: center;\">\n<p>Santa Helena<\/p>\n<\/td>\n<td style=\"text-align: center;\">\n<p>Pra\u00e7a Pedro Marques<\/p>\n<\/td>\n<\/tr>\n<tr>\n<td style=\"text-align: center;\">\n<p>Bom Pastor<\/p>\n<\/td>\n<td style=\"text-align: center;\">\n<p>Pra\u00e7a Poeta Daltemar Lima<\/p>\n<\/td>\n<\/tr>\n<tr>\n<td style=\"text-align: center;\">\n<p>Ipiranga<\/p>\n<\/td>\n<td style=\"text-align: center;\">\n<p>Pra\u00e7a Poliesportiva do Ipiranga<\/p>\n<\/td>\n<\/tr>\n<tr>\n<td style=\"text-align: center;\">\n<p>Morro da Gl\u00f3ria<\/p>\n<\/td>\n<td style=\"text-align: center;\">\n<p>Pra\u00e7a Professor Vianna J\u00fanior<\/p>\n<\/td>\n<\/tr>\n<tr>\n<td style=\"text-align: center;\">\n<p>N\u00facleo Urbano de Penido<\/p>\n<\/td>\n<td style=\"text-align: center;\">\n<p>Pra\u00e7a Professora Alzira Lima<\/p>\n<\/td>\n<\/tr>\n<tr>\n<td style=\"text-align: center;\">\n<p>Nova Era<\/p>\n<\/td>\n<td style=\"text-align: center;\">\n<p>Pra\u00e7a Rafael da Silva Cruz<\/p>\n<\/td>\n<\/tr>\n<tr>\n<td style=\"text-align: center;\">\n<p>Jockey Club II<\/p>\n<\/td>\n<td style=\"text-align: center;\">\n<p>Pra\u00e7a R\u00f4mulo Quinh\u00f5es<\/p>\n<\/td>\n<\/tr>\n<tr>\n<td style=\"text-align: center;\">\n<p>Vale do Ip\u00ea<\/p>\n<\/td>\n<td style=\"text-align: center;\">\n<p>Pra\u00e7a Rotary Club<\/p>\n<\/td>\n<\/tr>\n<tr>\n<td style=\"text-align: center;\">\n<p>Cidade do Sol<\/p>\n<\/td>\n<td style=\"text-align: center;\">\n<p>Pra\u00e7a Sebasti\u00e3o Perfeito Filho<\/p>\n<\/td>\n<\/tr>\n<tr>\n<td style=\"text-align: center;\">\n<p>Carlos Chagas<\/p>\n<\/td>\n<td style=\"text-align: center;\">\n<p>Pra\u00e7a Sylvia Faria Barros<\/p>\n<\/td>\n<\/tr>\n<tr>\n<td style=\"text-align: center;\">\n<p>Santa C\u00e2ndida<\/p>\n<\/td>\n<td style=\"text-align: center;\">\n<p>Pra\u00e7a Terezinha de Jesus Oliveira<\/p>\n<\/td>\n<\/tr>\n<tr>\n<td style=\"text-align: center;\">\n<p>S\u00e3o Pedro<\/p>\n<\/td>\n<td style=\"text-align: center;\">\n<p>Pra\u00e7a Terezinha Fleury da Cruz<\/p>\n<\/td>\n<\/tr>\n<tr>\n<td style=\"text-align: center;\">\n<p>Nossa Senhora Aparecida<\/p>\n<\/td>\n<td style=\"text-align: center;\">\n<p>Pra\u00e7a Theotonio Petronilho Amorim<\/p>\n<\/td>\n<\/tr>\n<tr>\n<td style=\"text-align: center;\">\n<p>Marumbi<\/p>\n<\/td>\n<td style=\"text-align: center;\">\n<p>Pra\u00e7a Vereador Jair Reihn<\/p>\n<\/td>\n<\/tr>\n<tr>\n<td style=\"text-align: center;\">\n<p>N\u00facleo Urbano de Sarandira<\/p>\n<\/td>\n<td style=\"text-align: center;\">\n<p>Pra\u00e7a Vista Alegre<\/p>\n<\/td>\n<\/tr>\n<tr>\n<td style=\"text-align: center;\">\n<p>Linhares<\/p>\n<\/td>\n<td style=\"text-align: center;\">\n<p>Pra\u00e7a Vov\u00f3 Elvira Gabriela do Carmo<\/p>\n<\/td>\n<\/tr>\n<\/tbody>\n<\/table>\n","protected":false},"excerpt":{"rendered":"<p>A Prefeitura de Juiz de Fora (PJF) lan\u00e7ou um chamamento p\u00fablico que visa ampliar o n\u00famero de pontos p\u00fablicos de internet gratuita na cidade. O edital foi publicado nesta ter\u00e7a-feira, 27, no Di\u00e1rio Oficial do Munic\u00edpio e vai credenciar as empresas interessadas em oferecer o servi\u00e7o, dentro do programa JF+Digital. \u201cDesde 2015, n\u00f3s temos colocado [&hellip;]<\/p>\n","protected":false},"author":96,"featured_media":94706,"comment_status":"closed","ping_status":"closed","sticky":false,"template":"","format":"standard","meta":{"footnotes":""},"categories":[253],"tags":[],"class_list":["post-94707","post","type-post","status-publish","format-standard","has-post-thumbnail","hentry","category-cidade"],"_links":{"self":[{"href":"https:\/\/diarioregionaldigital.com.br\/index.php?rest_route=\/wp\/v2\/posts\/94707","targetHints":{"allow":["GET"]}}],"collection":[{"href":"https:\/\/diarioregionaldigital.com.br\/index.php?rest_route=\/wp\/v2\/posts"}],"about":[{"href":"https:\/\/diarioregionaldigital.com.br\/index.php?rest_route=\/wp\/v2\/types\/post"}],"author":[{"embeddable":true,"href":"https:\/\/diarioregionaldigital.com.br\/index.php?rest_route=\/wp\/v2\/users\/96"}],"replies":[{"embeddable":true,"href":"https:\/\/diarioregionaldigital.com.br\/index.php?rest_route=%2Fwp%2Fv2%2Fcomments&post=94707"}],"version-history":[{"count":0,"href":"https:\/\/diarioregionaldigital.com.br\/index.php?rest_route=\/wp\/v2\/posts\/94707\/revisions"}],"wp:featuredmedia":[{"embeddable":true,"href":"https:\/\/diarioregionaldigital.com.br\/index.php?rest_route=\/wp\/v2\/media\/94706"}],"wp:attachment":[{"href":"https:\/\/diarioregionaldigital.com.br\/index.php?rest_route=%2Fwp%2Fv2%2Fmedia&parent=94707"}],"wp:term":[{"taxonomy":"category","embeddable":true,"href":"https:\/\/diarioregionaldigital.com.br\/index.php?rest_route=%2Fwp%2Fv2%2Fcategories&post=94707"},{"taxonomy":"post_tag","embeddable":true,"href":"https:\/\/diarioregionaldigital.com.br\/index.php?rest_route=%2Fwp%2Fv2%2Ftags&post=94707"}],"curies":[{"name":"wp","href":"https:\/\/api.w.org\/{rel}","templated":true}]}}