{"id":94703,"date":"2018-03-27T21:42:26","date_gmt":"2018-03-28T00:42:26","guid":{"rendered":"http:\/\/diarioregionaljf.com.br\/2018\/03\/27\/prefeitura-municipal-de-rochedo-de-minas-28-03-18\/"},"modified":"2018-08-13T20:32:39","modified_gmt":"2018-08-13T23:32:39","slug":"prefeitura-municipal-de-rochedo-de-minas-28-03-18","status":"publish","type":"post","link":"https:\/\/diarioregionaldigital.com.br\/?p=94703","title":{"rendered":"Prefeitura Municipal de Rochedo de Minas 28\/03\/18"},"content":{"rendered":"<p style=\"text-align: center;\"><span class=\"h4\">AVISO<\/span><br \/>O Munic\u00edpio de Rochedo de Minas torna p\u00fablico que far\u00e1 realizar oPreg\u00e3o Presencial Registro de Pre\u00e7on\u00ba. 013\/2018, julgamento \u201cTipo Menor Pre\u00e7o por item\u201d,Lei Federal n\u00ba 8.666\/93; Lei n\u00ba 10.520\/2002 e Decreto Municipal n\u00ba 924\/2011, para Aquisi\u00e7\u00e3o Parcelada de \u00d3leo Diesel S10, Com Fornecimento de 01 Tanque Com Capacidade de 7.500 Lts, Bomba e Filtro em Sistema de Comodato. Abertura: 12 de Abril de 2018, Hor\u00e1rio: 14:00 h, na Sala de Licita\u00e7\u00f5es da Prefeitura, A Pra\u00e7a Sebasti\u00e3o Gomes, 92, Centro \u2013 Rochedo de Minas \u2013 MG. O Edital se encontra \u00e0 disposi\u00e7\u00e3o dos interessados, no endere\u00e7o acima mencionado. \u2013Ricardo Cesar Candido da Silva, Prefeito Municipal.<\/p>\n","protected":false},"excerpt":{"rendered":"<p>AVISOO Munic\u00edpio de Rochedo de Minas torna p\u00fablico que far\u00e1 realizar oPreg\u00e3o Presencial Registro de Pre\u00e7on\u00ba. 013\/2018, julgamento \u201cTipo Menor Pre\u00e7o por item\u201d,Lei Federal n\u00ba 8.666\/93; Lei n\u00ba 10.520\/2002 e Decreto Municipal n\u00ba 924\/2011, para Aquisi\u00e7\u00e3o Parcelada de \u00d3leo Diesel S10, Com Fornecimento de 01 Tanque Com Capacidade de 7.500 Lts, Bomba e Filtro em [&hellip;]<\/p>\n","protected":false},"author":96,"featured_media":0,"comment_status":"closed","ping_status":"closed","sticky":false,"template":"","format":"standard","meta":{"footnotes":""},"categories":[307],"tags":[],"class_list":["post-94703","post","type-post","status-publish","format-standard","hentry","category-editais"],"_links":{"self":[{"href":"https:\/\/diarioregionaldigital.com.br\/index.php?rest_route=\/wp\/v2\/posts\/94703","targetHints":{"allow":["GET"]}}],"collection":[{"href":"https:\/\/diarioregionaldigital.com.br\/index.php?rest_route=\/wp\/v2\/posts"}],"about":[{"href":"https:\/\/diarioregionaldigital.com.br\/index.php?rest_route=\/wp\/v2\/types\/post"}],"author":[{"embeddable":true,"href":"https:\/\/diarioregionaldigital.com.br\/index.php?rest_route=\/wp\/v2\/users\/96"}],"replies":[{"embeddable":true,"href":"https:\/\/diarioregionaldigital.com.br\/index.php?rest_route=%2Fwp%2Fv2%2Fcomments&post=94703"}],"version-history":[{"count":0,"href":"https:\/\/diarioregionaldigital.com.br\/index.php?rest_route=\/wp\/v2\/posts\/94703\/revisions"}],"wp:attachment":[{"href":"https:\/\/diarioregionaldigital.com.br\/index.php?rest_route=%2Fwp%2Fv2%2Fmedia&parent=94703"}],"wp:term":[{"taxonomy":"category","embeddable":true,"href":"https:\/\/diarioregionaldigital.com.br\/index.php?rest_route=%2Fwp%2Fv2%2Fcategories&post=94703"},{"taxonomy":"post_tag","embeddable":true,"href":"https:\/\/diarioregionaldigital.com.br\/index.php?rest_route=%2Fwp%2Fv2%2Ftags&post=94703"}],"curies":[{"name":"wp","href":"https:\/\/api.w.org\/{rel}","templated":true}]}}