{"id":94701,"date":"2018-03-27T21:26:49","date_gmt":"2018-03-28T00:26:49","guid":{"rendered":"http:\/\/diarioregionaljf.com.br\/2018\/03\/27\/prefeitura-municipal-de-santana-do-deserto-28-03-18\/"},"modified":"2018-08-13T20:32:40","modified_gmt":"2018-08-13T23:32:40","slug":"prefeitura-municipal-de-santana-do-deserto-28-03-18","status":"publish","type":"post","link":"https:\/\/diarioregionaldigital.com.br\/?p=94701","title":{"rendered":"Prefeitura Municipal de Santana do Deserto 28\/03\/18"},"content":{"rendered":"<p style=\"text-align: center;\"><span class=\"h4\">PREFEITURA MUNICIPAL DE SANTANA DO DESERTO<\/span><br \/>Licita\u00e7\u00e3o n\u00b0 043\/2018 &#8211; TP n\u00b0 002\/2018 &#8211; O Munic\u00edpio de Santana do Deserto, na forma da lei, faz saber que \u00e0s 09:00h do dia 12 de abril de 2018, na Prefeitura, na sala de licita\u00e7\u00e3o, localizada \u00e0 P\u00e7a. Mauro Roquete Pinto, Santana do Deserto, ser\u00e1 realizada licita\u00e7\u00e3o para contrata\u00e7\u00e3o de empresa especializada para amplia\u00e7\u00e3o e moderniza\u00e7\u00e3o da Quadra Poliesportiva de Santana do Deserto, localizada na Rua 25 de Julho no centro desta cidade, conforme Conv\u00eanio OGU ME 831751\/2016 Programa Esporte e Grandes Eventos Esportivos &#8211; Minist\u00e9rio do Esporte. Tipo Menor Pre\u00e7o Global conforme consta no edital que se encontra a disposi\u00e7\u00e3o de todos na Prefeitura, ou em: licitacao@santanadodeserto.mg.gov.br<\/p>\n","protected":false},"excerpt":{"rendered":"<p>PREFEITURA MUNICIPAL DE SANTANA DO DESERTOLicita\u00e7\u00e3o n\u00b0 043\/2018 &#8211; TP n\u00b0 002\/2018 &#8211; O Munic\u00edpio de Santana do Deserto, na forma da lei, faz saber que \u00e0s 09:00h do dia 12 de abril de 2018, na Prefeitura, na sala de licita\u00e7\u00e3o, localizada \u00e0 P\u00e7a. Mauro Roquete Pinto, Santana do Deserto, ser\u00e1 realizada licita\u00e7\u00e3o para contrata\u00e7\u00e3o [&hellip;]<\/p>\n","protected":false},"author":96,"featured_media":0,"comment_status":"closed","ping_status":"closed","sticky":false,"template":"","format":"standard","meta":{"footnotes":""},"categories":[307],"tags":[],"class_list":["post-94701","post","type-post","status-publish","format-standard","hentry","category-editais"],"_links":{"self":[{"href":"https:\/\/diarioregionaldigital.com.br\/index.php?rest_route=\/wp\/v2\/posts\/94701","targetHints":{"allow":["GET"]}}],"collection":[{"href":"https:\/\/diarioregionaldigital.com.br\/index.php?rest_route=\/wp\/v2\/posts"}],"about":[{"href":"https:\/\/diarioregionaldigital.com.br\/index.php?rest_route=\/wp\/v2\/types\/post"}],"author":[{"embeddable":true,"href":"https:\/\/diarioregionaldigital.com.br\/index.php?rest_route=\/wp\/v2\/users\/96"}],"replies":[{"embeddable":true,"href":"https:\/\/diarioregionaldigital.com.br\/index.php?rest_route=%2Fwp%2Fv2%2Fcomments&post=94701"}],"version-history":[{"count":0,"href":"https:\/\/diarioregionaldigital.com.br\/index.php?rest_route=\/wp\/v2\/posts\/94701\/revisions"}],"wp:attachment":[{"href":"https:\/\/diarioregionaldigital.com.br\/index.php?rest_route=%2Fwp%2Fv2%2Fmedia&parent=94701"}],"wp:term":[{"taxonomy":"category","embeddable":true,"href":"https:\/\/diarioregionaldigital.com.br\/index.php?rest_route=%2Fwp%2Fv2%2Fcategories&post=94701"},{"taxonomy":"post_tag","embeddable":true,"href":"https:\/\/diarioregionaldigital.com.br\/index.php?rest_route=%2Fwp%2Fv2%2Ftags&post=94701"}],"curies":[{"name":"wp","href":"https:\/\/api.w.org\/{rel}","templated":true}]}}