{"id":94700,"date":"2018-03-27T20:58:59","date_gmt":"2018-03-27T23:58:59","guid":{"rendered":"http:\/\/diarioregionaljf.com.br\/2018\/03\/27\/olha-so-14\/"},"modified":"2018-03-27T20:58:59","modified_gmt":"2018-03-27T23:58:59","slug":"olha-so-14","status":"publish","type":"post","link":"https:\/\/diarioregionaldigital.com.br\/?p=94700","title":{"rendered":"Olha s\u00f3"},"content":{"rendered":"<p style=\"text-align: center;\"><span class=\"h4\">P\u00e1scoa<\/span><br \/>Em tempo de crise, o mercado de ovos de P\u00e1scoa em Juiz de Fora adotou estrat\u00e9gias para atrair consumidores e est\u00e1 apostando em aumento de 30% nas vendas. A esperan\u00e7a dos lojistas est\u00e1 no s\u00e1bado v\u00e9spera da P\u00e1scoa. Tem ovos e chocolates que chegam a ser parcelados em at\u00e9 10 vezes e o fabricante local est\u00e1 otimista e aumenta produ\u00e7\u00e3o de ovos de chocolate em 8%. A Colomba tamb\u00e9m ganhou espa\u00e7o.<\/p>\n<p style=\"text-align: center;\"><span class=\"h4\">Solidariedade<\/span><br \/>Concluindo que \u00e9 bom fazer o bem sem olhar a quem, os Engenheiros Sem Fronteiras \u2013 Grupo de estudantes da UFJF \u2013 arrecadam alimentos para a Creche Comunit\u00e1ria Arco-\u00cdris, em Santa Luzia. Os donativos que ser\u00e3o muito bem-vindos podem ser entregues at\u00e9 o dia 30, na Faculdade de Engenharia e no CREA \u2013 Minas.<\/p>\n<p style=\"text-align: center;\"><span class=\"h4\">D\u00edgito<\/span><br \/>A \u201csala de guerra\u201d da equipe de comunica\u00e7\u00e3o do governo criada para turbinar a reforma da Previd\u00eancia se tornou uma central com objetivo de aumentar a popularidade de Michel Temer. A orienta\u00e7\u00e3o foi dada a jornalistas e publicit\u00e1rios, depois de o presidente dar declara\u00e7\u00f5es sobre a possibilidade de se candidatar a reelei\u00e7\u00e3o.<\/p>\n<p style=\"text-align: center;\"><span class=\"h4\">Campe\u00f5es<\/span><br \/>Em tempo de Copa do Mundo, alunos do Col\u00e9gio Estadual de Petr\u00f3polis v\u00e3o produzir a s\u00e9rie de document\u00e1rios \u201cda Copa para o mundo\u201d sobre jogadores que tiveram papel relevante na sele\u00e7\u00e3o brasileira. Ser\u00e3o entrevistados, Paulo Cesar Caju, Brito, Bebeto e Gerson.<\/p>\n<p style=\"text-align: center;\"><span class=\"h4\">Olha S\u00f3<\/span><br \/>A escritora Ana Cec\u00edlia Tavares promoveu plantio de 45 \u00e1rvores na Cidade Alta para compensar polui\u00e7\u00e3o emitida na produ\u00e7\u00e3o de seu livro \u201cEnsaio\u201d. Juiz de Fora agradece e a Associa\u00e7\u00e3o de Meio Ambiente AMA\/JF tamb\u00e9m.<\/p>\n<p style=\"text-align: center;\"><img decoding=\"async\" class=\" size-full wp-image-94691\" src=\"http:\/\/diarioregionaljf.com.br\/wp-content\/uploads\/2018\/03\/diario-int-25470-1.jpg\" alt=\"fotoa.jpg\" width=\"680\" style=\"display: block; margin-left: auto; margin-right: auto;\" srcset=\"https:\/\/diarioregionaldigital.com.br\/wp-content\/uploads\/2018\/03\/diario-int-25470-1.jpg 680w, https:\/\/diarioregionaldigital.com.br\/wp-content\/uploads\/2018\/03\/diario-int-25470-1-300x199.jpg 300w, https:\/\/diarioregionaldigital.com.br\/wp-content\/uploads\/2018\/03\/diario-int-25470-1-360x238.jpg 360w\" sizes=\"(max-width: 680px) 100vw, 680px\" \/>Na eletrizante noite do Pub\u2019s, os antenados, Renata Hirschberg, Tati, Tiago Paiva e Henrique dos Santos Pereira<\/p>\n<p style=\"text-align: center;\"><img decoding=\"async\" class=\" size-full wp-image-94692\" src=\"http:\/\/diarioregionaljf.com.br\/wp-content\/uploads\/2018\/03\/diario-int-25470-2.jpg\" alt=\"fotoaa.jpg\" width=\"680\" style=\"display: block; margin-left: auto; margin-right: auto;\" srcset=\"https:\/\/diarioregionaldigital.com.br\/wp-content\/uploads\/2018\/03\/diario-int-25470-2.jpg 680w, https:\/\/diarioregionaldigital.com.br\/wp-content\/uploads\/2018\/03\/diario-int-25470-2-300x199.jpg 300w, https:\/\/diarioregionaldigital.com.br\/wp-content\/uploads\/2018\/03\/diario-int-25470-2-360x238.jpg 360w\" sizes=\"(max-width: 680px) 100vw, 680px\" \/>A delegada de Pol\u00edcia Civil, Patr\u00edcia Ribeiro, homenageada com o Trof\u00e9u Mulher Cidad\u00e3 2018, no Teatro Paschoal Carlos Magno<\/p>\n<p style=\"text-align: center;\"><img decoding=\"async\" class=\" size-full wp-image-94693\" src=\"http:\/\/diarioregionaljf.com.br\/wp-content\/uploads\/2018\/03\/diario-int-25470-3.jpg\" alt=\"fotob.jpg\" width=\"680\" style=\"display: block; margin-left: auto; margin-right: auto;\" srcset=\"https:\/\/diarioregionaldigital.com.br\/wp-content\/uploads\/2018\/03\/diario-int-25470-3.jpg 677w, https:\/\/diarioregionaldigital.com.br\/wp-content\/uploads\/2018\/03\/diario-int-25470-3-300x199.jpg 300w, https:\/\/diarioregionaldigital.com.br\/wp-content\/uploads\/2018\/03\/diario-int-25470-3-360x239.jpg 360w\" sizes=\"(max-width: 677px) 100vw, 677px\" \/>Mulheres chiques e empreendedoras no F\u00e1tima Buffet, Andrea Cintia (Ateli\u00ea Maria Pipoca) e Carol Hungria<\/p>\n<p style=\"text-align: center;\"><img decoding=\"async\" class=\" size-full wp-image-94694\" src=\"http:\/\/diarioregionaljf.com.br\/wp-content\/uploads\/2018\/03\/diario-int-25470-4.jpg\" alt=\"fotobb.jpg\" width=\"680\" style=\"display: block; margin-left: auto; margin-right: auto;\" srcset=\"https:\/\/diarioregionaldigital.com.br\/wp-content\/uploads\/2018\/03\/diario-int-25470-4.jpg 680w, https:\/\/diarioregionaldigital.com.br\/wp-content\/uploads\/2018\/03\/diario-int-25470-4-300x199.jpg 300w, https:\/\/diarioregionaldigital.com.br\/wp-content\/uploads\/2018\/03\/diario-int-25470-4-360x238.jpg 360w\" sizes=\"(max-width: 680px) 100vw, 680px\" \/>No Teatro Paschoal Carlos Magno, Maria Jabour foi homenageada com o Trof\u00e9u Mulher Cidad\u00e3 2018, ladeada de Wilson Jabour, Daniele Camacho Siqueira e o prefeito Bruno Siqueira<\/p>\n<p style=\"text-align: center;\"><img decoding=\"async\" class=\" size-full wp-image-94695\" src=\"http:\/\/diarioregionaljf.com.br\/wp-content\/uploads\/2018\/03\/diario-int-25470-5.jpg\" alt=\"fotoc.jpg\" width=\"680\" style=\"display: block; margin-left: auto; margin-right: auto;\" srcset=\"https:\/\/diarioregionaldigital.com.br\/wp-content\/uploads\/2018\/03\/diario-int-25470-5.jpg 680w, https:\/\/diarioregionaldigital.com.br\/wp-content\/uploads\/2018\/03\/diario-int-25470-5-300x199.jpg 300w, https:\/\/diarioregionaldigital.com.br\/wp-content\/uploads\/2018\/03\/diario-int-25470-5-360x238.jpg 360w\" sizes=\"(max-width: 680px) 100vw, 680px\" \/>Na Noite das Personalidades, o anfitri\u00e3o L\u00e9o Peixoto ladeado de Silvana Paiva, Edgard Ribeiro, M\u00f4nica Gomide Guimar\u00e3es, Concei\u00e7\u00e3o Dornelas e S\u00f4nia Ara\u00fajo<\/p>\n<p style=\"text-align: center;\"><img decoding=\"async\" class=\" size-full wp-image-94696\" src=\"http:\/\/diarioregionaljf.com.br\/wp-content\/uploads\/2018\/03\/diario-int-25470-6.jpg\" alt=\"fotocc.jpg\" width=\"680\" style=\"display: block; margin-left: auto; margin-right: auto;\" srcset=\"https:\/\/diarioregionaldigital.com.br\/wp-content\/uploads\/2018\/03\/diario-int-25470-6.jpg 680w, https:\/\/diarioregionaldigital.com.br\/wp-content\/uploads\/2018\/03\/diario-int-25470-6-300x243.jpg 300w, https:\/\/diarioregionaldigital.com.br\/wp-content\/uploads\/2018\/03\/diario-int-25470-6-360x291.jpg 360w\" sizes=\"(max-width: 680px) 100vw, 680px\" \/>Forte candidata para o concurso Miss Panorama, a bela estudante de Arquitetura, Nivalda Campos<\/p>\n<p style=\"text-align: center;\"><img decoding=\"async\" class=\" size-full wp-image-94697\" src=\"http:\/\/diarioregionaljf.com.br\/wp-content\/uploads\/2018\/03\/diario-int-25470-7.jpg\" alt=\"fotof.jpg\" width=\"680\" style=\"display: block; margin-left: auto; margin-right: auto;\" srcset=\"https:\/\/diarioregionaldigital.com.br\/wp-content\/uploads\/2018\/03\/diario-int-25470-7.jpg 678w, https:\/\/diarioregionaldigital.com.br\/wp-content\/uploads\/2018\/03\/diario-int-25470-7-300x243.jpg 300w, https:\/\/diarioregionaldigital.com.br\/wp-content\/uploads\/2018\/03\/diario-int-25470-7-360x292.jpg 360w\" sizes=\"(max-width: 678px) 100vw, 678px\" \/>Na Noite das Personalidades, os colun\u00e1veis Rosenberg Frizeiro e Patr\u00edcia Alvim<\/p>\n<p style=\"text-align: center;\"><img decoding=\"async\" class=\" size-full wp-image-94698\" src=\"http:\/\/diarioregionaljf.com.br\/wp-content\/uploads\/2018\/03\/diario-int-25470-8.jpg\" alt=\"fotog.jpg\" width=\"680\" style=\"display: block; margin-left: auto; margin-right: auto;\" srcset=\"https:\/\/diarioregionaldigital.com.br\/wp-content\/uploads\/2018\/03\/diario-int-25470-8.jpg 680w, https:\/\/diarioregionaldigital.com.br\/wp-content\/uploads\/2018\/03\/diario-int-25470-8-300x199.jpg 300w, https:\/\/diarioregionaldigital.com.br\/wp-content\/uploads\/2018\/03\/diario-int-25470-8-360x238.jpg 360w\" sizes=\"(max-width: 680px) 100vw, 680px\" \/>Durante grava\u00e7\u00e3o de clip no Rio, os meninos do TNI, Ronald Dilon e Emerson Augusto com a atriz global Aline Dias<\/p>\n<p style=\"text-align: center;\"><img decoding=\"async\" class=\" size-full wp-image-94699\" src=\"http:\/\/diarioregionaljf.com.br\/wp-content\/uploads\/2018\/03\/diario-int-25470-9.jpg\" alt=\"fotoi.jpg\" width=\"680\" style=\"display: block; margin-left: auto; margin-right: auto;\" srcset=\"https:\/\/diarioregionaldigital.com.br\/wp-content\/uploads\/2018\/03\/diario-int-25470-9.jpg 680w, https:\/\/diarioregionaldigital.com.br\/wp-content\/uploads\/2018\/03\/diario-int-25470-9-266x300.jpg 266w, https:\/\/diarioregionaldigital.com.br\/wp-content\/uploads\/2018\/03\/diario-int-25470-9-360x407.jpg 360w\" sizes=\"(max-width: 680px) 100vw, 680px\" \/>O fot\u00f3grafo das estrelas (Pr\u00eamio Di\u00e1rio Regional TVE), Johnny Pio com as ex-Miss Juiz de Fora, em produ\u00e7\u00e3o de Diley Almeida com Larissa Cheuen, Isabella Stumpf, Sara Costa, Lorena Rodrigues e J\u00falia Horta<\/p>\n<p class=\"h4\" style=\"text-align: center;\">FOTOSS\u00cdNTESE<\/p>\n<p>Fazendo o maior sucesso no Rio, a cantora Sandra Portella \u00e9 a atra\u00e7\u00e3o musical do 30\u00ba Encontro de Empres\u00e1rios no Hotel Laghetto, na Barra da Tijuca. Ela estar\u00e1 ao lado do maestro Rildo Hora, nesta 4\u00aa feira, 28 de mar\u00e7o.<\/p>\n<p>Digno de todos os elogios, o juiz-forano Ricardo Cavalcanti Ribeiro, diretor do Instituto Carlos Chagas e chefe de cirurgia pl\u00e1stica do HU da UNIRIO, foi agraciado com o t\u00edtulo de \u201cEmbaixador do Turismo do Rio de Janeiro\u201d. O evento foi realizado na Confedera\u00e7\u00e3o Nacional do Com\u00e9rcio de Bens, Servi\u00e7os e Turismo.<\/p>\n<p>Thais Lima est\u00e1 com tudo e n\u00e3o est\u00e1 prosa. Presidente do Juiz de Fora Convention Visitors Bureau, ela acaba de conquistar para a cidade o 12\u00ba Congresso Brasileiro do CVB, que ser\u00e1 realizado em mar\u00e7o de 2020. Ela e Caroline Mello defenderam a candidatura de Juiz de Fora na 10\u00aa edi\u00e7\u00e3o do evento, realizado em Aracaju.<\/p>\n<p>A nova camisa da sele\u00e7\u00e3o brasileira de futebol foi inspirada na copa de 1970. O tom amarelo vivo da camisa foi batizado de Ouro Samba (Sambagold).<\/p>\n<p>O advogado Val\u00e9rio Ribeiro tem reunido amigos de uma vida inteira para rodadas de bate-papo, drinques e com direito a deliciosos pratos gastron\u00f4micos, nas Fazendinhas do Ipiranga.<\/p>\n<p>A casquinha de caranguejo com farofa de lim\u00e3o, o ceviche de namoradinho em caldo c\u00edtrico com milho crocante, batata doce grelhada e espuma de lim\u00e3o, arroz de polvo baby e lula com r\u00facula e queijo coalho foram as del\u00edcias do almo\u00e7o de P\u00e1scoa que Esmeralda e Jos\u00e9 H\u00e9lio Piragibe ofereceram a este colunista na nova resid\u00eancia no Fazendinhas do Comendador.<\/p>\n<p>Arquitetos e designers de interiores se inspiram no universo das produ\u00e7\u00f5es cinematogr\u00e1ficas para criar 18 ambientes que comp\u00f5em a edi\u00e7\u00e3o carioca da mostra Artefacto, que foi inaugurada no Casa Shopping.<\/p>\n<p>Para o feriad\u00e3o, v\u00e1rias casas noturnas de JF programaram festas, badala\u00e7\u00f5es e muita pega\u00e7\u00e3o. O s\u00e1bado de aleluia promete bombar reunindo gente bonita para festejar o coelhinho da P\u00e1scoa.<\/p>\n<p>Para compartilhar: Seja como a \u00e1guia. Fa\u00e7a coisas diferentes e voe por cima dos obst\u00e1culos. Bom dia.<\/p>\n","protected":false},"excerpt":{"rendered":"<p>P\u00e1scoaEm tempo de crise, o mercado de ovos de P\u00e1scoa em Juiz de Fora adotou estrat\u00e9gias para atrair consumidores e est\u00e1 apostando em aumento de 30% nas vendas. A esperan\u00e7a dos lojistas est\u00e1 no s\u00e1bado v\u00e9spera da P\u00e1scoa. Tem ovos e chocolates que chegam a ser parcelados em at\u00e9 10 vezes e o fabricante local [&hellip;]<\/p>\n","protected":false},"author":96,"featured_media":94690,"comment_status":"closed","ping_status":"closed","sticky":false,"template":"","format":"standard","meta":{"footnotes":""},"categories":[264],"tags":[],"class_list":["post-94700","post","type-post","status-publish","format-standard","has-post-thumbnail","hentry","category-eduardo-gomes"],"_links":{"self":[{"href":"https:\/\/diarioregionaldigital.com.br\/index.php?rest_route=\/wp\/v2\/posts\/94700","targetHints":{"allow":["GET"]}}],"collection":[{"href":"https:\/\/diarioregionaldigital.com.br\/index.php?rest_route=\/wp\/v2\/posts"}],"about":[{"href":"https:\/\/diarioregionaldigital.com.br\/index.php?rest_route=\/wp\/v2\/types\/post"}],"author":[{"embeddable":true,"href":"https:\/\/diarioregionaldigital.com.br\/index.php?rest_route=\/wp\/v2\/users\/96"}],"replies":[{"embeddable":true,"href":"https:\/\/diarioregionaldigital.com.br\/index.php?rest_route=%2Fwp%2Fv2%2Fcomments&post=94700"}],"version-history":[{"count":0,"href":"https:\/\/diarioregionaldigital.com.br\/index.php?rest_route=\/wp\/v2\/posts\/94700\/revisions"}],"wp:featuredmedia":[{"embeddable":true,"href":"https:\/\/diarioregionaldigital.com.br\/index.php?rest_route=\/wp\/v2\/media\/94690"}],"wp:attachment":[{"href":"https:\/\/diarioregionaldigital.com.br\/index.php?rest_route=%2Fwp%2Fv2%2Fmedia&parent=94700"}],"wp:term":[{"taxonomy":"category","embeddable":true,"href":"https:\/\/diarioregionaldigital.com.br\/index.php?rest_route=%2Fwp%2Fv2%2Fcategories&post=94700"},{"taxonomy":"post_tag","embeddable":true,"href":"https:\/\/diarioregionaldigital.com.br\/index.php?rest_route=%2Fwp%2Fv2%2Ftags&post=94700"}],"curies":[{"name":"wp","href":"https:\/\/api.w.org\/{rel}","templated":true}]}}