{"id":94689,"date":"2018-03-27T20:26:17","date_gmt":"2018-03-27T23:26:17","guid":{"rendered":"http:\/\/diarioregionaljf.com.br\/2018\/03\/27\/idosa-morre-atropelada-na-floriano-peixoto\/"},"modified":"2018-03-27T20:26:17","modified_gmt":"2018-03-27T23:26:17","slug":"idosa-morre-atropelada-na-floriano-peixoto","status":"publish","type":"post","link":"https:\/\/diarioregionaldigital.com.br\/?p=94689","title":{"rendered":"Idosa morre atropelada na Floriano Peixoto"},"content":{"rendered":"<p><strong>Atualizada \u00e0s 18h &#8211; 27 de mar\u00e7o de 2018<\/strong><\/p>\n<p>Uma idosa de 70 anos foi atropelada e morreu na tarde dessa ter\u00e7a-feira, 27, na Rua Floriano Peixoto, Centro, quase esquina com Avenida Get\u00falio Vargas. Segundo informa\u00e7\u00f5es da Pol\u00edcia Militar (PM), o Servi\u00e7o de Atendimento M\u00f3vel de Urg\u00eancia (Samu) e a Unidade de Suporte Avan\u00e7ado (USA) estiveram no local e prestaram atendimento \u00e0 v\u00edtima, mas ela n\u00e3o resistiu e veio a \u00f3bito.<\/p>\n<p>A motorista, 39 anos, relatou aos militares que conduzia o seu ve\u00edculo pela rua Floriano Peixoto, em dire\u00e7\u00e3o a Avenida Get\u00falio Vargas, quando se deparou com um t\u00e1xi parado em fila dupla na faixa da direita. Portanto, ela reduziu a velocidade, pois o outro autom\u00f3vel poderia iniciar o deslocamento, e enquanto passava ao lado do t\u00e1xi, surgiu um pedestre atravessando a via de cabe\u00e7a baixa, passando pela frente do t\u00e1xi. A mulher afirmou que freou, mas parte do seu ve\u00edculo atingiu a v\u00edtima e a derrubou. Ela contou que n\u00e3o foi poss\u00edvel anotar a placa do t\u00e1xi.<\/p>\n<p>A condutora ligou e providenciou o socorro \u00e0 v\u00edtima e permaneceu no local para o registro do fato. Ela foi presa e encaminhada \u00e0 delegacia.<\/p>\n","protected":false},"excerpt":{"rendered":"<p>Atualizada \u00e0s 18h &#8211; 27 de mar\u00e7o de 2018 Uma idosa de 70 anos foi atropelada e morreu na tarde dessa ter\u00e7a-feira, 27, na Rua Floriano Peixoto, Centro, quase esquina com Avenida Get\u00falio Vargas. Segundo informa\u00e7\u00f5es da Pol\u00edcia Militar (PM), o Servi\u00e7o de Atendimento M\u00f3vel de Urg\u00eancia (Samu) e a Unidade de Suporte Avan\u00e7ado (USA) [&hellip;]<\/p>\n","protected":false},"author":96,"featured_media":94688,"comment_status":"closed","ping_status":"closed","sticky":false,"template":"","format":"standard","meta":{"footnotes":""},"categories":[301],"tags":[],"class_list":["post-94689","post","type-post","status-publish","format-standard","has-post-thumbnail","hentry","category-artigos-policiais"],"_links":{"self":[{"href":"https:\/\/diarioregionaldigital.com.br\/index.php?rest_route=\/wp\/v2\/posts\/94689","targetHints":{"allow":["GET"]}}],"collection":[{"href":"https:\/\/diarioregionaldigital.com.br\/index.php?rest_route=\/wp\/v2\/posts"}],"about":[{"href":"https:\/\/diarioregionaldigital.com.br\/index.php?rest_route=\/wp\/v2\/types\/post"}],"author":[{"embeddable":true,"href":"https:\/\/diarioregionaldigital.com.br\/index.php?rest_route=\/wp\/v2\/users\/96"}],"replies":[{"embeddable":true,"href":"https:\/\/diarioregionaldigital.com.br\/index.php?rest_route=%2Fwp%2Fv2%2Fcomments&post=94689"}],"version-history":[{"count":0,"href":"https:\/\/diarioregionaldigital.com.br\/index.php?rest_route=\/wp\/v2\/posts\/94689\/revisions"}],"wp:featuredmedia":[{"embeddable":true,"href":"https:\/\/diarioregionaldigital.com.br\/index.php?rest_route=\/wp\/v2\/media\/94688"}],"wp:attachment":[{"href":"https:\/\/diarioregionaldigital.com.br\/index.php?rest_route=%2Fwp%2Fv2%2Fmedia&parent=94689"}],"wp:term":[{"taxonomy":"category","embeddable":true,"href":"https:\/\/diarioregionaldigital.com.br\/index.php?rest_route=%2Fwp%2Fv2%2Fcategories&post=94689"},{"taxonomy":"post_tag","embeddable":true,"href":"https:\/\/diarioregionaldigital.com.br\/index.php?rest_route=%2Fwp%2Fv2%2Ftags&post=94689"}],"curies":[{"name":"wp","href":"https:\/\/api.w.org\/{rel}","templated":true}]}}