{"id":94687,"date":"2018-03-27T19:15:35","date_gmt":"2018-03-27T22:15:35","guid":{"rendered":"http:\/\/diarioregionaljf.com.br\/2018\/03\/27\/flavio-rocha-filia-se-ao-prb-para-concorrer-a-presidencia-da-republica\/"},"modified":"2018-03-27T19:15:35","modified_gmt":"2018-03-27T22:15:35","slug":"flavio-rocha-filia-se-ao-prb-para-concorrer-a-presidencia-da-republica","status":"publish","type":"post","link":"https:\/\/diarioregionaldigital.com.br\/?p=94687","title":{"rendered":"Fl\u00e1vio Rocha filia-se ao PRB para concorrer \u00e0 presid\u00eancia da Rep\u00fablica"},"content":{"rendered":"<p>O empres\u00e1rio Fl\u00e1vio Rocha, presidente da Riachuelo, assinou na manh\u00e3 dessa ter\u00e7a-feira, 27, em Bras\u00edlia, a sua filia\u00e7\u00e3o ao PRB para concorrer \u00e0 presid\u00eancia da Rep\u00fablica pelo partido. Em reuni\u00e3o com a bancada do PRB, no Congresso Nacional, Rocha afirmou aos deputados que sua filia\u00e7\u00e3o vem para somar e foi aplaudido em meio a um clima de euforia. \u201cQuero ser um instrumento do partido. O meu prop\u00f3sito \u00e9 agregar. Uma candidatura presidencial n\u00e3o teria nenhum sentido se n\u00e3o fosse com esse prop\u00f3sito. A mudan\u00e7a passa pelo parlamento, pelo Congresso\u201d, disse o empres\u00e1rio. Na semana passada, Rocha assumiu a sua inten\u00e7\u00e3o de se candidatar \u00e0 presid\u00eancia da Rep\u00fablica.<\/p>\n<p>A reuni\u00e3o com a bancada do PRB foi comandada pelo presidente do partido, Marcos Pereira. Rocha assegurou que a filia\u00e7\u00e3o \u00e0 legenda vai muito al\u00e9m do objetivo de cumprir o rito de filia\u00e7\u00e3o partid\u00e1ria, at\u00e9 7 de abril, para os concorrentes ao Planalto. \u201cN\u00e3o h\u00e1 dilema entre a prioridade parlamentar ou a prioridade nos pal\u00e1cios. N\u00f3s estamos come\u00e7ando uma imensa sinergia. A minha vinda soma e refor\u00e7a esta prioridade\u201d, disse Rocha aos deputados, minutos antes de assinar a sua ficha de filia\u00e7\u00e3o.<\/p>\n<p>Ao lado de Pereira, o dono da Riachuelo dedicou parte de seu discurso ao presidente do partido. \u201cEm outubro do ano passado, Marcos parecia que j\u00e1 estava enxergando uma hip\u00f3tese totalmente remota e fora das minhas cogita\u00e7\u00f5es\u201d, comentou. \u201cNa \u00e9poca eu estava completamente envolvido com as quest\u00f5es empresariais\u201d.<\/p>\n<p>Mais recentemente, Fl\u00e1vio Rocha encontrou-se novamente com Pereira, ap\u00f3s o lan\u00e7amento do movimento liberal Brasil 200, liderado por ele. As conversas sobre uma eventual candidatura \u00e0 presid\u00eancia e a filia\u00e7\u00e3o foram retomadas. Agora como pr\u00e9-candidato filiado ao PRB, Flavio Rocha segue com agenda pelo pa\u00eds, com visitas j\u00e1 previstas a mais de 20 Estados.<\/p>\n<p>Fonte: Assessoria<\/p>\n","protected":false},"excerpt":{"rendered":"<p>O empres\u00e1rio Fl\u00e1vio Rocha, presidente da Riachuelo, assinou na manh\u00e3 dessa ter\u00e7a-feira, 27, em Bras\u00edlia, a sua filia\u00e7\u00e3o ao PRB para concorrer \u00e0 presid\u00eancia da Rep\u00fablica pelo partido. Em reuni\u00e3o com a bancada do PRB, no Congresso Nacional, Rocha afirmou aos deputados que sua filia\u00e7\u00e3o vem para somar e foi aplaudido em meio a um [&hellip;]<\/p>\n","protected":false},"author":96,"featured_media":94686,"comment_status":"closed","ping_status":"closed","sticky":false,"template":"","format":"standard","meta":{"footnotes":""},"categories":[254],"tags":[],"class_list":["post-94687","post","type-post","status-publish","format-standard","has-post-thumbnail","hentry","category-politica"],"_links":{"self":[{"href":"https:\/\/diarioregionaldigital.com.br\/index.php?rest_route=\/wp\/v2\/posts\/94687","targetHints":{"allow":["GET"]}}],"collection":[{"href":"https:\/\/diarioregionaldigital.com.br\/index.php?rest_route=\/wp\/v2\/posts"}],"about":[{"href":"https:\/\/diarioregionaldigital.com.br\/index.php?rest_route=\/wp\/v2\/types\/post"}],"author":[{"embeddable":true,"href":"https:\/\/diarioregionaldigital.com.br\/index.php?rest_route=\/wp\/v2\/users\/96"}],"replies":[{"embeddable":true,"href":"https:\/\/diarioregionaldigital.com.br\/index.php?rest_route=%2Fwp%2Fv2%2Fcomments&post=94687"}],"version-history":[{"count":0,"href":"https:\/\/diarioregionaldigital.com.br\/index.php?rest_route=\/wp\/v2\/posts\/94687\/revisions"}],"wp:featuredmedia":[{"embeddable":true,"href":"https:\/\/diarioregionaldigital.com.br\/index.php?rest_route=\/wp\/v2\/media\/94686"}],"wp:attachment":[{"href":"https:\/\/diarioregionaldigital.com.br\/index.php?rest_route=%2Fwp%2Fv2%2Fmedia&parent=94687"}],"wp:term":[{"taxonomy":"category","embeddable":true,"href":"https:\/\/diarioregionaldigital.com.br\/index.php?rest_route=%2Fwp%2Fv2%2Fcategories&post=94687"},{"taxonomy":"post_tag","embeddable":true,"href":"https:\/\/diarioregionaldigital.com.br\/index.php?rest_route=%2Fwp%2Fv2%2Ftags&post=94687"}],"curies":[{"name":"wp","href":"https:\/\/api.w.org\/{rel}","templated":true}]}}